{"id":556,"date":"2023-05-10T19:03:10","date_gmt":"2023-05-10T17:03:10","guid":{"rendered":"https:\/\/svjmedia.nl\/binkdoderer\/?p=556"},"modified":"2023-05-10T19:17:57","modified_gmt":"2023-05-10T17:17:57","slug":"opponenten-oranje-wie-treffen-we-op-het-wk","status":"publish","type":"post","link":"https:\/\/svjmedia.nl\/binkdoderer\/556\/opponenten-oranje-wie-treffen-we-op-het-wk\/","title":{"rendered":"Opponenten oranje: Wie treffen we op het WK?"},"content":{"rendered":"\n<p>Foto: Timo Al-Farooq\/Flickr<\/p>\n\n\n\n<p><strong>Het wereldkampioenschap voetbal staat weer voor de deur. Aanstaande zondag speelt gastland Qatar de openingswedstrijd tegen Ecuador. Beide teams vullen samen met Senegal de poule waarin Nederland zit. Wat kunnen de mannen van Louis van Gaal verwachten?<\/strong><\/p>\n\n\n\n<p><strong>Senegal<\/strong><br>De eerste opponent van oranje staat aanstaande maandag te wachten: Senegal. Het land kent meerdere sterspelers. Keeper \u00c9douard Mendy en verdediger Kalidou Koulibaly (beiden Chelsea) zijn blikvangers, maar de echte grootheid van het Afrikaanse land is Sadio Man\u00e9 (Bayern M\u00fcnchen). De aanvaller heeft met Liverpool de Premier League en Champions League gewonnen. Hij zal de wedstrijd tegen Nederland echter over moeten slaan wegens een blessure. Senegal is tevens de winnaar van de Afrika Cup en in de play-offs voor dit toernooi hebben ze het Egypte van Mohamed Salah verslagen. Senegal-Nederland is maandag 21 november om 17:00 uur te zien.<\/p>\n\n\n\n<p><strong>Ecuador<\/strong><br>De echte voetbalkenner zal namen als Pervis Estupinan (Brighton) of Enner Valencia (Fenerbah\u00e7e) herkennen. De echt grote Zuid-Amerikaanse voetballers spelen niet bij Ecuador. Toch heeft het land zich als vierde weten te kwalificeren. Ze hebben Peru en Colombia knap achter zich gelaten en voegen zich met Uruguay, Brazili\u00eb en Argentini\u00eb bij de vier Zuid-Amerikaanse ploegen in Qatar. De wedstrijd tegen Ecuador is vrijdag 25 november om 17:00 uur.<\/p>\n\n\n\n<p><strong>Qatar<\/strong><br>Het gastland van dit WK heeft een team waar ook de kenners maar weinig over weten. Als gastland ben je verzekerd van een plek in de groepsfase van het toernooi. Tijdens de loting bevond Qatar zich in pot 1. Hier zaten Brazili\u00eb, Spanje, Belgi\u00eb, Frankrijk, Argentini\u00eb, Engeland en Portugal ook in. Nederland heeft wat dat betreft dus gunstig geloot. De wedstrijd tegen Qatar is de laatste in de poule en is dinsdag 29 november om 16:00 uur.<\/p>\n\n\n\n<p><strong>In onderstaand fragment vertelt Ziggo Sport presentator Bas van Veenendaal onder andere over de kansen van oranje en het einde van een tijdperk.<\/strong><\/p>\n\n\n\n<p><code><div class=\"humamvideo\" style=\"position:relative;overflow:hidden;width:100%;padding-top: 56.25%;margin:20px 0px;\"><iframe style=\"position:absolute;top:0;left:0;bottom:0;right:0;width:100%;height:100%;\" src=\"https:\/\/stream.hu.nl\/players\/414n77LO-Kv4Phafj.html\" frameborder=\"0\" allow=\"accelerometer; autoplay; clipboard-write; encrypted-media; gyroscope; picture-in-picture\" allowfullscreen><\/iframe><\/div><\/code> <\/p>\n","protected":false},"excerpt":{"rendered":"<p>Wie zijn de tegenstanders van oranje op het WK en wat weet Bas van Veenendaal te vertellen over onze kansen?<\/p>\n","protected":false},"author":1959,"featured_media":557,"comment_status":"open","ping_status":"closed","sticky":false,"template":"","format":"standard","meta":{"_acf_changed":false,"footnotes":""},"categories":[1],"tags":[],"class_list":["post-556","post","type-post","status-publish","format-standard","has-post-thumbnail","hentry","category-artikelen"],"acf":[],"yoast_head":"<!-- This site is optimized with the Yoast SEO plugin v27.5 - https:\/\/yoast.com\/product\/yoast-seo-wordpress\/ -->\n<title>Opponenten oranje: Wie treffen we op het WK? - Bink Doderer<\/title>\n<meta name=\"robots\" content=\"noindex, follow, max-snippet:-1, max-image-preview:large, max-video-preview:-1\" \/>\n<meta property=\"og:locale\" content=\"nl_NL\" \/>\n<meta property=\"og:type\" content=\"article\" \/>\n<meta property=\"og:title\" content=\"Opponenten oranje: Wie treffen we op het WK? - Bink Doderer\" \/>\n<meta property=\"og:description\" content=\"Wie zijn de tegenstanders van oranje op het WK en wat weet Bas van Veenendaal te vertellen over onze kansen?\" \/>\n<meta property=\"og:url\" content=\"https:\/\/svjmedia.nl\/binkdoderer\/556\/opponenten-oranje-wie-treffen-we-op-het-wk\/\" \/>\n<meta property=\"og:site_name\" content=\"Bink Doderer\" \/>\n<meta property=\"article:published_time\" content=\"2023-05-10T17:03:10+00:00\" \/>\n<meta property=\"article:modified_time\" content=\"2023-05-10T17:17:57+00:00\" \/>\n<meta property=\"og:image\" content=\"https:\/\/svjmedia.nl\/binkdoderer\/wp-content\/uploads\/sites\/1235\/2023\/05\/1.-Timo-Al-Farooq-Flickr-1280x640-1.jpg\" \/>\n\t<meta property=\"og:image:width\" content=\"1280\" \/>\n\t<meta property=\"og:image:height\" content=\"640\" \/>\n\t<meta property=\"og:image:type\" content=\"image\/jpeg\" \/>\n<meta name=\"author\" content=\"Bink Doderer\" \/>\n<meta name=\"twitter:card\" content=\"summary_large_image\" \/>\n<meta name=\"twitter:creator\" content=\"@https:\/\/twitter.com\/BDoderer\" \/>\n<meta name=\"twitter:label1\" content=\"Geschreven door\" \/>\n\t<meta name=\"twitter:data1\" content=\"Bink Doderer\" \/>\n\t<meta name=\"twitter:label2\" content=\"Geschatte leestijd\" \/>\n\t<meta name=\"twitter:data2\" content=\"2 minuten\" \/>\n<script type=\"application\/ld+json\" class=\"yoast-schema-graph\">{\"@context\":\"https:\\\/\\\/schema.org\",\"@graph\":[{\"@type\":\"Article\",\"@id\":\"https:\\\/\\\/svjmedia.nl\\\/binkdoderer\\\/556\\\/opponenten-oranje-wie-treffen-we-op-het-wk\\\/#article\",\"isPartOf\":{\"@id\":\"https:\\\/\\\/svjmedia.nl\\\/binkdoderer\\\/556\\\/opponenten-oranje-wie-treffen-we-op-het-wk\\\/\"},\"author\":{\"name\":\"Bink Doderer\",\"@id\":\"https:\\\/\\\/svjmedia.nl\\\/binkdoderer\\\/#\\\/schema\\\/person\\\/0bd4ab07f90eb549ffae5e06b95c2b38\"},\"headline\":\"Opponenten oranje: Wie treffen we op het WK?\",\"datePublished\":\"2023-05-10T17:03:10+00:00\",\"dateModified\":\"2023-05-10T17:17:57+00:00\",\"mainEntityOfPage\":{\"@id\":\"https:\\\/\\\/svjmedia.nl\\\/binkdoderer\\\/556\\\/opponenten-oranje-wie-treffen-we-op-het-wk\\\/\"},\"wordCount\":314,\"commentCount\":0,\"image\":{\"@id\":\"https:\\\/\\\/svjmedia.nl\\\/binkdoderer\\\/556\\\/opponenten-oranje-wie-treffen-we-op-het-wk\\\/#primaryimage\"},\"thumbnailUrl\":\"https:\\\/\\\/svjmedia.nl\\\/binkdoderer\\\/wp-content\\\/uploads\\\/sites\\\/1235\\\/2023\\\/05\\\/1.-Timo-Al-Farooq-Flickr-1280x640-1.jpg\",\"articleSection\":[\"Artikelen\"],\"inLanguage\":\"nl-NL\",\"potentialAction\":[{\"@type\":\"CommentAction\",\"name\":\"Comment\",\"target\":[\"https:\\\/\\\/svjmedia.nl\\\/binkdoderer\\\/556\\\/opponenten-oranje-wie-treffen-we-op-het-wk\\\/#respond\"]}]},{\"@type\":\"WebPage\",\"@id\":\"https:\\\/\\\/svjmedia.nl\\\/binkdoderer\\\/556\\\/opponenten-oranje-wie-treffen-we-op-het-wk\\\/\",\"url\":\"https:\\\/\\\/svjmedia.nl\\\/binkdoderer\\\/556\\\/opponenten-oranje-wie-treffen-we-op-het-wk\\\/\",\"name\":\"Opponenten oranje: Wie treffen we op het WK? - Bink Doderer\",\"isPartOf\":{\"@id\":\"https:\\\/\\\/svjmedia.nl\\\/binkdoderer\\\/#website\"},\"primaryImageOfPage\":{\"@id\":\"https:\\\/\\\/svjmedia.nl\\\/binkdoderer\\\/556\\\/opponenten-oranje-wie-treffen-we-op-het-wk\\\/#primaryimage\"},\"image\":{\"@id\":\"https:\\\/\\\/svjmedia.nl\\\/binkdoderer\\\/556\\\/opponenten-oranje-wie-treffen-we-op-het-wk\\\/#primaryimage\"},\"thumbnailUrl\":\"https:\\\/\\\/svjmedia.nl\\\/binkdoderer\\\/wp-content\\\/uploads\\\/sites\\\/1235\\\/2023\\\/05\\\/1.-Timo-Al-Farooq-Flickr-1280x640-1.jpg\",\"datePublished\":\"2023-05-10T17:03:10+00:00\",\"dateModified\":\"2023-05-10T17:17:57+00:00\",\"author\":{\"@id\":\"https:\\\/\\\/svjmedia.nl\\\/binkdoderer\\\/#\\\/schema\\\/person\\\/0bd4ab07f90eb549ffae5e06b95c2b38\"},\"breadcrumb\":{\"@id\":\"https:\\\/\\\/svjmedia.nl\\\/binkdoderer\\\/556\\\/opponenten-oranje-wie-treffen-we-op-het-wk\\\/#breadcrumb\"},\"inLanguage\":\"nl-NL\",\"potentialAction\":[{\"@type\":\"ReadAction\",\"target\":[\"https:\\\/\\\/svjmedia.nl\\\/binkdoderer\\\/556\\\/opponenten-oranje-wie-treffen-we-op-het-wk\\\/\"]}]},{\"@type\":\"ImageObject\",\"inLanguage\":\"nl-NL\",\"@id\":\"https:\\\/\\\/svjmedia.nl\\\/binkdoderer\\\/556\\\/opponenten-oranje-wie-treffen-we-op-het-wk\\\/#primaryimage\",\"url\":\"https:\\\/\\\/svjmedia.nl\\\/binkdoderer\\\/wp-content\\\/uploads\\\/sites\\\/1235\\\/2023\\\/05\\\/1.-Timo-Al-Farooq-Flickr-1280x640-1.jpg\",\"contentUrl\":\"https:\\\/\\\/svjmedia.nl\\\/binkdoderer\\\/wp-content\\\/uploads\\\/sites\\\/1235\\\/2023\\\/05\\\/1.-Timo-Al-Farooq-Flickr-1280x640-1.jpg\",\"width\":1280,\"height\":640,\"caption\":\"Foto: Timo Al-Farooq\\\/Flickr\"},{\"@type\":\"BreadcrumbList\",\"@id\":\"https:\\\/\\\/svjmedia.nl\\\/binkdoderer\\\/556\\\/opponenten-oranje-wie-treffen-we-op-het-wk\\\/#breadcrumb\",\"itemListElement\":[{\"@type\":\"ListItem\",\"position\":1,\"name\":\"Home\",\"item\":\"https:\\\/\\\/svjmedia.nl\\\/binkdoderer\\\/\"},{\"@type\":\"ListItem\",\"position\":2,\"name\":\"Opponenten oranje: Wie treffen we op het WK?\"}]},{\"@type\":\"WebSite\",\"@id\":\"https:\\\/\\\/svjmedia.nl\\\/binkdoderer\\\/#website\",\"url\":\"https:\\\/\\\/svjmedia.nl\\\/binkdoderer\\\/\",\"name\":\"Bink Doderer\",\"description\":\"HU School voor Journalistiek Persoonlijk Dossier\",\"potentialAction\":[{\"@type\":\"SearchAction\",\"target\":{\"@type\":\"EntryPoint\",\"urlTemplate\":\"https:\\\/\\\/svjmedia.nl\\\/binkdoderer\\\/?s={search_term_string}\"},\"query-input\":{\"@type\":\"PropertyValueSpecification\",\"valueRequired\":true,\"valueName\":\"search_term_string\"}}],\"inLanguage\":\"nl-NL\"},{\"@type\":\"Person\",\"@id\":\"https:\\\/\\\/svjmedia.nl\\\/binkdoderer\\\/#\\\/schema\\\/person\\\/0bd4ab07f90eb549ffae5e06b95c2b38\",\"name\":\"Bink Doderer\",\"image\":{\"@type\":\"ImageObject\",\"inLanguage\":\"nl-NL\",\"@id\":\"https:\\\/\\\/secure.gravatar.com\\\/avatar\\\/95344dfcc3a3c6381cfda4dc0f45e88abb7fb6518afd2e1bcdd1d656746565e0?s=96&d=wp_user_avatar&r=g\",\"url\":\"https:\\\/\\\/secure.gravatar.com\\\/avatar\\\/95344dfcc3a3c6381cfda4dc0f45e88abb7fb6518afd2e1bcdd1d656746565e0?s=96&d=wp_user_avatar&r=g\",\"contentUrl\":\"https:\\\/\\\/secure.gravatar.com\\\/avatar\\\/95344dfcc3a3c6381cfda4dc0f45e88abb7fb6518afd2e1bcdd1d656746565e0?s=96&d=wp_user_avatar&r=g\",\"caption\":\"Bink Doderer\"},\"description\":\"Mijn naam is Bink Doderer. Ik ben een ambitieuze en sportieve jongeman woonachtig in Alphen aan den Rijn en bovenal student aan de Hogeschool Utrecht. Als journalist kan ik allerlei kanten op, al is de sportjournalistiek toch mijn favoriete hoek. Ik ben zelf ook fervent voetballiefhebber, maar ik ben breed geori\u00ebnteerd en ook ge\u00efnteresseerd in vele andere onderwerpen. Kortom, genoeg bronnen om mij in te verdiepen.\",\"sameAs\":[\"https:\\\/\\\/www.instagram.com\\\/binkdoderer\\\/\",\"https:\\\/\\\/www.linkedin.com\\\/in\\\/bink-doderer-03b880207\\\/\",\"https:\\\/\\\/x.com\\\/https:\\\/\\\/twitter.com\\\/BDoderer\"],\"url\":\"https:\\\/\\\/svjmedia.nl\\\/binkdoderer\\\/author\\\/bink-doderer\\\/\"}]}<\/script>\n<!-- \/ Yoast SEO plugin. -->","yoast_head_json":{"title":"Opponenten oranje: Wie treffen we op het WK? - Bink Doderer","robots":{"index":"noindex","follow":"follow","max-snippet":"max-snippet:-1","max-image-preview":"max-image-preview:large","max-video-preview":"max-video-preview:-1"},"og_locale":"nl_NL","og_type":"article","og_title":"Opponenten oranje: Wie treffen we op het WK? - Bink Doderer","og_description":"Wie zijn de tegenstanders van oranje op het WK en wat weet Bas van Veenendaal te vertellen over onze kansen?","og_url":"https:\/\/svjmedia.nl\/binkdoderer\/556\/opponenten-oranje-wie-treffen-we-op-het-wk\/","og_site_name":"Bink Doderer","article_published_time":"2023-05-10T17:03:10+00:00","article_modified_time":"2023-05-10T17:17:57+00:00","og_image":[{"width":1280,"height":640,"url":"https:\/\/svjmedia.nl\/binkdoderer\/wp-content\/uploads\/sites\/1235\/2023\/05\/1.-Timo-Al-Farooq-Flickr-1280x640-1.jpg","type":"image\/jpeg"}],"author":"Bink Doderer","twitter_card":"summary_large_image","twitter_creator":"@https:\/\/twitter.com\/BDoderer","twitter_misc":{"Geschreven door":"Bink Doderer","Geschatte leestijd":"2 minuten"},"schema":{"@context":"https:\/\/schema.org","@graph":[{"@type":"Article","@id":"https:\/\/svjmedia.nl\/binkdoderer\/556\/opponenten-oranje-wie-treffen-we-op-het-wk\/#article","isPartOf":{"@id":"https:\/\/svjmedia.nl\/binkdoderer\/556\/opponenten-oranje-wie-treffen-we-op-het-wk\/"},"author":{"name":"Bink Doderer","@id":"https:\/\/svjmedia.nl\/binkdoderer\/#\/schema\/person\/0bd4ab07f90eb549ffae5e06b95c2b38"},"headline":"Opponenten oranje: Wie treffen we op het WK?","datePublished":"2023-05-10T17:03:10+00:00","dateModified":"2023-05-10T17:17:57+00:00","mainEntityOfPage":{"@id":"https:\/\/svjmedia.nl\/binkdoderer\/556\/opponenten-oranje-wie-treffen-we-op-het-wk\/"},"wordCount":314,"commentCount":0,"image":{"@id":"https:\/\/svjmedia.nl\/binkdoderer\/556\/opponenten-oranje-wie-treffen-we-op-het-wk\/#primaryimage"},"thumbnailUrl":"https:\/\/svjmedia.nl\/binkdoderer\/wp-content\/uploads\/sites\/1235\/2023\/05\/1.-Timo-Al-Farooq-Flickr-1280x640-1.jpg","articleSection":["Artikelen"],"inLanguage":"nl-NL","potentialAction":[{"@type":"CommentAction","name":"Comment","target":["https:\/\/svjmedia.nl\/binkdoderer\/556\/opponenten-oranje-wie-treffen-we-op-het-wk\/#respond"]}]},{"@type":"WebPage","@id":"https:\/\/svjmedia.nl\/binkdoderer\/556\/opponenten-oranje-wie-treffen-we-op-het-wk\/","url":"https:\/\/svjmedia.nl\/binkdoderer\/556\/opponenten-oranje-wie-treffen-we-op-het-wk\/","name":"Opponenten oranje: Wie treffen we op het WK? - Bink Doderer","isPartOf":{"@id":"https:\/\/svjmedia.nl\/binkdoderer\/#website"},"primaryImageOfPage":{"@id":"https:\/\/svjmedia.nl\/binkdoderer\/556\/opponenten-oranje-wie-treffen-we-op-het-wk\/#primaryimage"},"image":{"@id":"https:\/\/svjmedia.nl\/binkdoderer\/556\/opponenten-oranje-wie-treffen-we-op-het-wk\/#primaryimage"},"thumbnailUrl":"https:\/\/svjmedia.nl\/binkdoderer\/wp-content\/uploads\/sites\/1235\/2023\/05\/1.-Timo-Al-Farooq-Flickr-1280x640-1.jpg","datePublished":"2023-05-10T17:03:10+00:00","dateModified":"2023-05-10T17:17:57+00:00","author":{"@id":"https:\/\/svjmedia.nl\/binkdoderer\/#\/schema\/person\/0bd4ab07f90eb549ffae5e06b95c2b38"},"breadcrumb":{"@id":"https:\/\/svjmedia.nl\/binkdoderer\/556\/opponenten-oranje-wie-treffen-we-op-het-wk\/#breadcrumb"},"inLanguage":"nl-NL","potentialAction":[{"@type":"ReadAction","target":["https:\/\/svjmedia.nl\/binkdoderer\/556\/opponenten-oranje-wie-treffen-we-op-het-wk\/"]}]},{"@type":"ImageObject","inLanguage":"nl-NL","@id":"https:\/\/svjmedia.nl\/binkdoderer\/556\/opponenten-oranje-wie-treffen-we-op-het-wk\/#primaryimage","url":"https:\/\/svjmedia.nl\/binkdoderer\/wp-content\/uploads\/sites\/1235\/2023\/05\/1.-Timo-Al-Farooq-Flickr-1280x640-1.jpg","contentUrl":"https:\/\/svjmedia.nl\/binkdoderer\/wp-content\/uploads\/sites\/1235\/2023\/05\/1.-Timo-Al-Farooq-Flickr-1280x640-1.jpg","width":1280,"height":640,"caption":"Foto: Timo Al-Farooq\/Flickr"},{"@type":"BreadcrumbList","@id":"https:\/\/svjmedia.nl\/binkdoderer\/556\/opponenten-oranje-wie-treffen-we-op-het-wk\/#breadcrumb","itemListElement":[{"@type":"ListItem","position":1,"name":"Home","item":"https:\/\/svjmedia.nl\/binkdoderer\/"},{"@type":"ListItem","position":2,"name":"Opponenten oranje: Wie treffen we op het WK?"}]},{"@type":"WebSite","@id":"https:\/\/svjmedia.nl\/binkdoderer\/#website","url":"https:\/\/svjmedia.nl\/binkdoderer\/","name":"Bink Doderer","description":"HU School voor Journalistiek Persoonlijk Dossier","potentialAction":[{"@type":"SearchAction","target":{"@type":"EntryPoint","urlTemplate":"https:\/\/svjmedia.nl\/binkdoderer\/?s={search_term_string}"},"query-input":{"@type":"PropertyValueSpecification","valueRequired":true,"valueName":"search_term_string"}}],"inLanguage":"nl-NL"},{"@type":"Person","@id":"https:\/\/svjmedia.nl\/binkdoderer\/#\/schema\/person\/0bd4ab07f90eb549ffae5e06b95c2b38","name":"Bink Doderer","image":{"@type":"ImageObject","inLanguage":"nl-NL","@id":"https:\/\/secure.gravatar.com\/avatar\/95344dfcc3a3c6381cfda4dc0f45e88abb7fb6518afd2e1bcdd1d656746565e0?s=96&d=wp_user_avatar&r=g","url":"https:\/\/secure.gravatar.com\/avatar\/95344dfcc3a3c6381cfda4dc0f45e88abb7fb6518afd2e1bcdd1d656746565e0?s=96&d=wp_user_avatar&r=g","contentUrl":"https:\/\/secure.gravatar.com\/avatar\/95344dfcc3a3c6381cfda4dc0f45e88abb7fb6518afd2e1bcdd1d656746565e0?s=96&d=wp_user_avatar&r=g","caption":"Bink Doderer"},"description":"Mijn naam is Bink Doderer. Ik ben een ambitieuze en sportieve jongeman woonachtig in Alphen aan den Rijn en bovenal student aan de Hogeschool Utrecht. Als journalist kan ik allerlei kanten op, al is de sportjournalistiek toch mijn favoriete hoek. Ik ben zelf ook fervent voetballiefhebber, maar ik ben breed geori\u00ebnteerd en ook ge\u00efnteresseerd in vele andere onderwerpen. Kortom, genoeg bronnen om mij in te verdiepen.","sameAs":["https:\/\/www.instagram.com\/binkdoderer\/","https:\/\/www.linkedin.com\/in\/bink-doderer-03b880207\/","https:\/\/x.com\/https:\/\/twitter.com\/BDoderer"],"url":"https:\/\/svjmedia.nl\/binkdoderer\/author\/bink-doderer\/"}]}},"_links":{"self":[{"href":"https:\/\/svjmedia.nl\/binkdoderer\/wp-json\/wp\/v2\/posts\/556","targetHints":{"allow":["GET"]}}],"collection":[{"href":"https:\/\/svjmedia.nl\/binkdoderer\/wp-json\/wp\/v2\/posts"}],"about":[{"href":"https:\/\/svjmedia.nl\/binkdoderer\/wp-json\/wp\/v2\/types\/post"}],"author":[{"embeddable":true,"href":"https:\/\/svjmedia.nl\/binkdoderer\/wp-json\/wp\/v2\/users\/1959"}],"replies":[{"embeddable":true,"href":"https:\/\/svjmedia.nl\/binkdoderer\/wp-json\/wp\/v2\/comments?post=556"}],"version-history":[{"count":0,"href":"https:\/\/svjmedia.nl\/binkdoderer\/wp-json\/wp\/v2\/posts\/556\/revisions"}],"wp:featuredmedia":[{"embeddable":true,"href":"https:\/\/svjmedia.nl\/binkdoderer\/wp-json\/wp\/v2\/media\/557"}],"wp:attachment":[{"href":"https:\/\/svjmedia.nl\/binkdoderer\/wp-json\/wp\/v2\/media?parent=556"}],"wp:term":[{"taxonomy":"category","embeddable":true,"href":"https:\/\/svjmedia.nl\/binkdoderer\/wp-json\/wp\/v2\/categories?post=556"},{"taxonomy":"post_tag","embeddable":true,"href":"https:\/\/svjmedia.nl\/binkdoderer\/wp-json\/wp\/v2\/tags?post=556"}],"curies":[{"name":"wp","href":"https:\/\/api.w.org\/{rel}","templated":true}]}}