{"id":1237,"date":"2025-12-02T14:10:37","date_gmt":"2025-12-02T13:10:37","guid":{"rendered":"https:\/\/svjmedia.nl\/nieuwegein\/?p=1237"},"modified":"2025-12-02T14:10:37","modified_gmt":"2025-12-02T13:10:37","slug":"nieuwe-tramverbinding-moet-bereikbaarheid-in-nieuwegein-versterken","status":"publish","type":"post","link":"https:\/\/svjmedia.nl\/nieuwegein\/1237\/nieuwe-tramverbinding-moet-bereikbaarheid-in-nieuwegein-versterken\/","title":{"rendered":"Nieuwe tramverbinding moet bereikbaarheid in Nieuwegein versterken"},"content":{"rendered":"<p>Om de verbinding tussen Nieuwegein en Utrecht te versterken, wordt er een nieuwe tramlijn aangelegd. Naast betere bereikbaarheid moet het project ook bijdragen aan de stedelijke ontwikkeling in de regio. Voor dit enorme project heeft het Rijk ook 560 miljoen euro beschikbaar gesteld. Toch verloopt het plan niet helemaal waterdicht. Gerben Horst, raadslid CDA Nieuwegein, vertelt wat het plan inhoudt, wat de problemen zijn en wat het belang is<\/p>\n<p><span data-olk-copy-source=\"MessageBody\"><div class=\"humamaudio\" style=\"position:relative;overflow:hidden;width:600px;height:40px;margin:20px 0px;\"><iframe loading=\"lazy\" width=\"600\" height=\"40\" src=\"https:\/\/stream.hu.nl\/players\/efxiRUkj-gUDjC9bv.html\"><\/iframe><\/div>\u00a0<\/span><\/p>\n","protected":false},"excerpt":{"rendered":"<p>Om de verbinding tussen Nieuwegein en Utrecht te versterken, wordt er een nieuwe tramlijn aangelegd. Naast betere bereikbaarheid moet het project ook bijdragen aan de stedelijke ontwikkeling in de regio. Voor dit enorme project heeft het Rijk ook 560 miljoen euro beschikbaar gesteld. Toch verloopt het plan niet helemaal waterdicht. Gerben Horst, raadslid CDA Nieuwegein, [&hellip;]<\/p>\n","protected":false},"author":3907,"featured_media":1242,"comment_status":"closed","ping_status":"closed","sticky":false,"template":"","format":"standard","meta":{"_acf_changed":false,"_et_pb_use_builder":"","_et_pb_old_content":"","_et_gb_content_width":"","footnotes":""},"categories":[1],"tags":[],"class_list":["post-1237","post","type-post","status-publish","format-standard","has-post-thumbnail","hentry","category-cultuur-vrije-tijd","et-has-post-format-content","et_post_format-et-post-format-standard"],"acf":[],"yoast_head":"<!-- This site is optimized with the Yoast SEO plugin v27.5 - https:\/\/yoast.com\/product\/yoast-seo-wordpress\/ -->\n<title>Nieuwe tramverbinding moet bereikbaarheid in Nieuwegein versterken - Nieuwegein<\/title>\n<meta name=\"robots\" content=\"noindex, follow, max-snippet:-1, max-image-preview:large, max-video-preview:-1\" \/>\n<meta property=\"og:locale\" content=\"nl_NL\" \/>\n<meta property=\"og:type\" content=\"article\" \/>\n<meta property=\"og:title\" content=\"Nieuwe tramverbinding moet bereikbaarheid in Nieuwegein versterken - Nieuwegein\" \/>\n<meta property=\"og:description\" content=\"Om de verbinding tussen Nieuwegein en Utrecht te versterken, wordt er een nieuwe tramlijn aangelegd. Naast betere bereikbaarheid moet het project ook bijdragen aan de stedelijke ontwikkeling in de regio. Voor dit enorme project heeft het Rijk ook 560 miljoen euro beschikbaar gesteld. Toch verloopt het plan niet helemaal waterdicht. Gerben Horst, raadslid CDA Nieuwegein, [&hellip;]\" \/>\n<meta property=\"og:url\" content=\"https:\/\/svjmedia.nl\/nieuwegein\/1237\/nieuwe-tramverbinding-moet-bereikbaarheid-in-nieuwegein-versterken\/\" \/>\n<meta property=\"og:site_name\" content=\"Nieuwegein\" \/>\n<meta property=\"article:published_time\" content=\"2025-12-02T13:10:37+00:00\" \/>\n<meta property=\"og:image\" content=\"https:\/\/svjmedia.nl\/nieuwegein\/wp-content\/uploads\/sites\/1796\/2025\/12\/grootmerwede.jpg\" \/>\n\t<meta property=\"og:image:width\" content=\"480\" \/>\n\t<meta property=\"og:image:height\" content=\"270\" \/>\n\t<meta property=\"og:image:type\" content=\"image\/jpeg\" \/>\n<meta name=\"author\" content=\"Talha Yunus Cicek \u00c7i\u00e7ek\" \/>\n<meta name=\"twitter:card\" content=\"summary_large_image\" \/>\n<meta name=\"twitter:label1\" content=\"Geschreven door\" \/>\n\t<meta name=\"twitter:data1\" content=\"Talha Yunus Cicek \u00c7i\u00e7ek\" \/>\n<script type=\"application\/ld+json\" class=\"yoast-schema-graph\">{\"@context\":\"https:\\\/\\\/schema.org\",\"@graph\":[{\"@type\":\"Article\",\"@id\":\"https:\\\/\\\/svjmedia.nl\\\/nieuwegein\\\/1237\\\/nieuwe-tramverbinding-moet-bereikbaarheid-in-nieuwegein-versterken\\\/#article\",\"isPartOf\":{\"@id\":\"https:\\\/\\\/svjmedia.nl\\\/nieuwegein\\\/1237\\\/nieuwe-tramverbinding-moet-bereikbaarheid-in-nieuwegein-versterken\\\/\"},\"author\":{\"name\":\"Talha Yunus Cicek \u00c7i\u00e7ek\",\"@id\":\"https:\\\/\\\/svjmedia.nl\\\/nieuwegein\\\/#\\\/schema\\\/person\\\/145633c1de351c03c8df5cbeaa92c6d1\"},\"headline\":\"Nieuwe tramverbinding moet bereikbaarheid in Nieuwegein versterken\",\"datePublished\":\"2025-12-02T13:10:37+00:00\",\"mainEntityOfPage\":{\"@id\":\"https:\\\/\\\/svjmedia.nl\\\/nieuwegein\\\/1237\\\/nieuwe-tramverbinding-moet-bereikbaarheid-in-nieuwegein-versterken\\\/\"},\"wordCount\":105,\"image\":{\"@id\":\"https:\\\/\\\/svjmedia.nl\\\/nieuwegein\\\/1237\\\/nieuwe-tramverbinding-moet-bereikbaarheid-in-nieuwegein-versterken\\\/#primaryimage\"},\"thumbnailUrl\":\"https:\\\/\\\/svjmedia.nl\\\/nieuwegein\\\/wp-content\\\/uploads\\\/sites\\\/1796\\\/2025\\\/12\\\/grootmerwede.jpg\",\"articleSection\":[\"Cultuur &amp; vrije tijd\"],\"inLanguage\":\"nl-NL\"},{\"@type\":\"WebPage\",\"@id\":\"https:\\\/\\\/svjmedia.nl\\\/nieuwegein\\\/1237\\\/nieuwe-tramverbinding-moet-bereikbaarheid-in-nieuwegein-versterken\\\/\",\"url\":\"https:\\\/\\\/svjmedia.nl\\\/nieuwegein\\\/1237\\\/nieuwe-tramverbinding-moet-bereikbaarheid-in-nieuwegein-versterken\\\/\",\"name\":\"Nieuwe tramverbinding moet bereikbaarheid in Nieuwegein versterken - Nieuwegein\",\"isPartOf\":{\"@id\":\"https:\\\/\\\/svjmedia.nl\\\/nieuwegein\\\/#website\"},\"primaryImageOfPage\":{\"@id\":\"https:\\\/\\\/svjmedia.nl\\\/nieuwegein\\\/1237\\\/nieuwe-tramverbinding-moet-bereikbaarheid-in-nieuwegein-versterken\\\/#primaryimage\"},\"image\":{\"@id\":\"https:\\\/\\\/svjmedia.nl\\\/nieuwegein\\\/1237\\\/nieuwe-tramverbinding-moet-bereikbaarheid-in-nieuwegein-versterken\\\/#primaryimage\"},\"thumbnailUrl\":\"https:\\\/\\\/svjmedia.nl\\\/nieuwegein\\\/wp-content\\\/uploads\\\/sites\\\/1796\\\/2025\\\/12\\\/grootmerwede.jpg\",\"datePublished\":\"2025-12-02T13:10:37+00:00\",\"author\":{\"@id\":\"https:\\\/\\\/svjmedia.nl\\\/nieuwegein\\\/#\\\/schema\\\/person\\\/145633c1de351c03c8df5cbeaa92c6d1\"},\"breadcrumb\":{\"@id\":\"https:\\\/\\\/svjmedia.nl\\\/nieuwegein\\\/1237\\\/nieuwe-tramverbinding-moet-bereikbaarheid-in-nieuwegein-versterken\\\/#breadcrumb\"},\"inLanguage\":\"nl-NL\",\"potentialAction\":[{\"@type\":\"ReadAction\",\"target\":[\"https:\\\/\\\/svjmedia.nl\\\/nieuwegein\\\/1237\\\/nieuwe-tramverbinding-moet-bereikbaarheid-in-nieuwegein-versterken\\\/\"]}]},{\"@type\":\"ImageObject\",\"inLanguage\":\"nl-NL\",\"@id\":\"https:\\\/\\\/svjmedia.nl\\\/nieuwegein\\\/1237\\\/nieuwe-tramverbinding-moet-bereikbaarheid-in-nieuwegein-versterken\\\/#primaryimage\",\"url\":\"https:\\\/\\\/svjmedia.nl\\\/nieuwegein\\\/wp-content\\\/uploads\\\/sites\\\/1796\\\/2025\\\/12\\\/grootmerwede.jpg\",\"contentUrl\":\"https:\\\/\\\/svjmedia.nl\\\/nieuwegein\\\/wp-content\\\/uploads\\\/sites\\\/1796\\\/2025\\\/12\\\/grootmerwede.jpg\",\"width\":480,\"height\":270},{\"@type\":\"BreadcrumbList\",\"@id\":\"https:\\\/\\\/svjmedia.nl\\\/nieuwegein\\\/1237\\\/nieuwe-tramverbinding-moet-bereikbaarheid-in-nieuwegein-versterken\\\/#breadcrumb\",\"itemListElement\":[{\"@type\":\"ListItem\",\"position\":1,\"name\":\"Home\",\"item\":\"https:\\\/\\\/svjmedia.nl\\\/nieuwegein\\\/\"},{\"@type\":\"ListItem\",\"position\":2,\"name\":\"Nieuwe tramverbinding moet bereikbaarheid in Nieuwegein versterken\"}]},{\"@type\":\"WebSite\",\"@id\":\"https:\\\/\\\/svjmedia.nl\\\/nieuwegein\\\/#website\",\"url\":\"https:\\\/\\\/svjmedia.nl\\\/nieuwegein\\\/\",\"name\":\"Nieuwegein\",\"description\":\"HU School voor Journalistiek Regiosite\",\"potentialAction\":[{\"@type\":\"SearchAction\",\"target\":{\"@type\":\"EntryPoint\",\"urlTemplate\":\"https:\\\/\\\/svjmedia.nl\\\/nieuwegein\\\/?s={search_term_string}\"},\"query-input\":{\"@type\":\"PropertyValueSpecification\",\"valueRequired\":true,\"valueName\":\"search_term_string\"}}],\"inLanguage\":\"nl-NL\"},{\"@type\":\"Person\",\"@id\":\"https:\\\/\\\/svjmedia.nl\\\/nieuwegein\\\/#\\\/schema\\\/person\\\/145633c1de351c03c8df5cbeaa92c6d1\",\"name\":\"Talha Yunus Cicek \u00c7i\u00e7ek\",\"image\":{\"@type\":\"ImageObject\",\"inLanguage\":\"nl-NL\",\"@id\":\"https:\\\/\\\/svjmedia.nl\\\/nieuwegein\\\/wp-content\\\/uploads\\\/sites\\\/1796\\\/2025\\\/09\\\/Talha-1-1-96x96.jpg\",\"url\":\"https:\\\/\\\/svjmedia.nl\\\/nieuwegein\\\/wp-content\\\/uploads\\\/sites\\\/1796\\\/2025\\\/09\\\/Talha-1-1-96x96.jpg\",\"contentUrl\":\"https:\\\/\\\/svjmedia.nl\\\/nieuwegein\\\/wp-content\\\/uploads\\\/sites\\\/1796\\\/2025\\\/09\\\/Talha-1-1-96x96.jpg\",\"caption\":\"Talha Yunus Cicek \u00c7i\u00e7ek\"},\"description\":\"Talha Cicek is 20 jaar en komt uit Delfzijl. Dit jaar maakt hij nieuws in Nieuwegein en produceert wekelijks lokaal nieuws. Hij is actief met het Jongerenpanel, waarmee hun lokale nieuwszenders informatie geven wat jongeren interessant vinden, en ook is hij actief bij het wijkbestuur in Delfzijl-Noord. Zijn moedertaal is Nederlands, hij spreekt vloeiend Turks, Engels en Hebreeuws en heeft ook kennis van Duits en Arabisch. Hij wilt later werken als oorlogsjournalist in het Midden-Oosten Heeft u een interessant nieuws voor hem? Mail naar talhacicek05@gmail.com\",\"url\":\"https:\\\/\\\/svjmedia.nl\\\/nieuwegein\\\/author\\\/talhayunuscicek-cicek\\\/\"}]}<\/script>\n<!-- \/ Yoast SEO plugin. -->","yoast_head_json":{"title":"Nieuwe tramverbinding moet bereikbaarheid in Nieuwegein versterken - Nieuwegein","robots":{"index":"noindex","follow":"follow","max-snippet":"max-snippet:-1","max-image-preview":"max-image-preview:large","max-video-preview":"max-video-preview:-1"},"og_locale":"nl_NL","og_type":"article","og_title":"Nieuwe tramverbinding moet bereikbaarheid in Nieuwegein versterken - Nieuwegein","og_description":"Om de verbinding tussen Nieuwegein en Utrecht te versterken, wordt er een nieuwe tramlijn aangelegd. Naast betere bereikbaarheid moet het project ook bijdragen aan de stedelijke ontwikkeling in de regio. Voor dit enorme project heeft het Rijk ook 560 miljoen euro beschikbaar gesteld. Toch verloopt het plan niet helemaal waterdicht. Gerben Horst, raadslid CDA Nieuwegein, [&hellip;]","og_url":"https:\/\/svjmedia.nl\/nieuwegein\/1237\/nieuwe-tramverbinding-moet-bereikbaarheid-in-nieuwegein-versterken\/","og_site_name":"Nieuwegein","article_published_time":"2025-12-02T13:10:37+00:00","og_image":[{"width":480,"height":270,"url":"https:\/\/svjmedia.nl\/nieuwegein\/wp-content\/uploads\/sites\/1796\/2025\/12\/grootmerwede.jpg","type":"image\/jpeg"}],"author":"Talha Yunus Cicek \u00c7i\u00e7ek","twitter_card":"summary_large_image","twitter_misc":{"Geschreven door":"Talha Yunus Cicek \u00c7i\u00e7ek"},"schema":{"@context":"https:\/\/schema.org","@graph":[{"@type":"Article","@id":"https:\/\/svjmedia.nl\/nieuwegein\/1237\/nieuwe-tramverbinding-moet-bereikbaarheid-in-nieuwegein-versterken\/#article","isPartOf":{"@id":"https:\/\/svjmedia.nl\/nieuwegein\/1237\/nieuwe-tramverbinding-moet-bereikbaarheid-in-nieuwegein-versterken\/"},"author":{"name":"Talha Yunus Cicek \u00c7i\u00e7ek","@id":"https:\/\/svjmedia.nl\/nieuwegein\/#\/schema\/person\/145633c1de351c03c8df5cbeaa92c6d1"},"headline":"Nieuwe tramverbinding moet bereikbaarheid in Nieuwegein versterken","datePublished":"2025-12-02T13:10:37+00:00","mainEntityOfPage":{"@id":"https:\/\/svjmedia.nl\/nieuwegein\/1237\/nieuwe-tramverbinding-moet-bereikbaarheid-in-nieuwegein-versterken\/"},"wordCount":105,"image":{"@id":"https:\/\/svjmedia.nl\/nieuwegein\/1237\/nieuwe-tramverbinding-moet-bereikbaarheid-in-nieuwegein-versterken\/#primaryimage"},"thumbnailUrl":"https:\/\/svjmedia.nl\/nieuwegein\/wp-content\/uploads\/sites\/1796\/2025\/12\/grootmerwede.jpg","articleSection":["Cultuur &amp; vrije tijd"],"inLanguage":"nl-NL"},{"@type":"WebPage","@id":"https:\/\/svjmedia.nl\/nieuwegein\/1237\/nieuwe-tramverbinding-moet-bereikbaarheid-in-nieuwegein-versterken\/","url":"https:\/\/svjmedia.nl\/nieuwegein\/1237\/nieuwe-tramverbinding-moet-bereikbaarheid-in-nieuwegein-versterken\/","name":"Nieuwe tramverbinding moet bereikbaarheid in Nieuwegein versterken - Nieuwegein","isPartOf":{"@id":"https:\/\/svjmedia.nl\/nieuwegein\/#website"},"primaryImageOfPage":{"@id":"https:\/\/svjmedia.nl\/nieuwegein\/1237\/nieuwe-tramverbinding-moet-bereikbaarheid-in-nieuwegein-versterken\/#primaryimage"},"image":{"@id":"https:\/\/svjmedia.nl\/nieuwegein\/1237\/nieuwe-tramverbinding-moet-bereikbaarheid-in-nieuwegein-versterken\/#primaryimage"},"thumbnailUrl":"https:\/\/svjmedia.nl\/nieuwegein\/wp-content\/uploads\/sites\/1796\/2025\/12\/grootmerwede.jpg","datePublished":"2025-12-02T13:10:37+00:00","author":{"@id":"https:\/\/svjmedia.nl\/nieuwegein\/#\/schema\/person\/145633c1de351c03c8df5cbeaa92c6d1"},"breadcrumb":{"@id":"https:\/\/svjmedia.nl\/nieuwegein\/1237\/nieuwe-tramverbinding-moet-bereikbaarheid-in-nieuwegein-versterken\/#breadcrumb"},"inLanguage":"nl-NL","potentialAction":[{"@type":"ReadAction","target":["https:\/\/svjmedia.nl\/nieuwegein\/1237\/nieuwe-tramverbinding-moet-bereikbaarheid-in-nieuwegein-versterken\/"]}]},{"@type":"ImageObject","inLanguage":"nl-NL","@id":"https:\/\/svjmedia.nl\/nieuwegein\/1237\/nieuwe-tramverbinding-moet-bereikbaarheid-in-nieuwegein-versterken\/#primaryimage","url":"https:\/\/svjmedia.nl\/nieuwegein\/wp-content\/uploads\/sites\/1796\/2025\/12\/grootmerwede.jpg","contentUrl":"https:\/\/svjmedia.nl\/nieuwegein\/wp-content\/uploads\/sites\/1796\/2025\/12\/grootmerwede.jpg","width":480,"height":270},{"@type":"BreadcrumbList","@id":"https:\/\/svjmedia.nl\/nieuwegein\/1237\/nieuwe-tramverbinding-moet-bereikbaarheid-in-nieuwegein-versterken\/#breadcrumb","itemListElement":[{"@type":"ListItem","position":1,"name":"Home","item":"https:\/\/svjmedia.nl\/nieuwegein\/"},{"@type":"ListItem","position":2,"name":"Nieuwe tramverbinding moet bereikbaarheid in Nieuwegein versterken"}]},{"@type":"WebSite","@id":"https:\/\/svjmedia.nl\/nieuwegein\/#website","url":"https:\/\/svjmedia.nl\/nieuwegein\/","name":"Nieuwegein","description":"HU School voor Journalistiek Regiosite","potentialAction":[{"@type":"SearchAction","target":{"@type":"EntryPoint","urlTemplate":"https:\/\/svjmedia.nl\/nieuwegein\/?s={search_term_string}"},"query-input":{"@type":"PropertyValueSpecification","valueRequired":true,"valueName":"search_term_string"}}],"inLanguage":"nl-NL"},{"@type":"Person","@id":"https:\/\/svjmedia.nl\/nieuwegein\/#\/schema\/person\/145633c1de351c03c8df5cbeaa92c6d1","name":"Talha Yunus Cicek \u00c7i\u00e7ek","image":{"@type":"ImageObject","inLanguage":"nl-NL","@id":"https:\/\/svjmedia.nl\/nieuwegein\/wp-content\/uploads\/sites\/1796\/2025\/09\/Talha-1-1-96x96.jpg","url":"https:\/\/svjmedia.nl\/nieuwegein\/wp-content\/uploads\/sites\/1796\/2025\/09\/Talha-1-1-96x96.jpg","contentUrl":"https:\/\/svjmedia.nl\/nieuwegein\/wp-content\/uploads\/sites\/1796\/2025\/09\/Talha-1-1-96x96.jpg","caption":"Talha Yunus Cicek \u00c7i\u00e7ek"},"description":"Talha Cicek is 20 jaar en komt uit Delfzijl. Dit jaar maakt hij nieuws in Nieuwegein en produceert wekelijks lokaal nieuws. Hij is actief met het Jongerenpanel, waarmee hun lokale nieuwszenders informatie geven wat jongeren interessant vinden, en ook is hij actief bij het wijkbestuur in Delfzijl-Noord. Zijn moedertaal is Nederlands, hij spreekt vloeiend Turks, Engels en Hebreeuws en heeft ook kennis van Duits en Arabisch. Hij wilt later werken als oorlogsjournalist in het Midden-Oosten Heeft u een interessant nieuws voor hem? Mail naar talhacicek05@gmail.com","url":"https:\/\/svjmedia.nl\/nieuwegein\/author\/talhayunuscicek-cicek\/"}]}},"_links":{"self":[{"href":"https:\/\/svjmedia.nl\/nieuwegein\/wp-json\/wp\/v2\/posts\/1237","targetHints":{"allow":["GET"]}}],"collection":[{"href":"https:\/\/svjmedia.nl\/nieuwegein\/wp-json\/wp\/v2\/posts"}],"about":[{"href":"https:\/\/svjmedia.nl\/nieuwegein\/wp-json\/wp\/v2\/types\/post"}],"author":[{"embeddable":true,"href":"https:\/\/svjmedia.nl\/nieuwegein\/wp-json\/wp\/v2\/users\/3907"}],"replies":[{"embeddable":true,"href":"https:\/\/svjmedia.nl\/nieuwegein\/wp-json\/wp\/v2\/comments?post=1237"}],"version-history":[{"count":5,"href":"https:\/\/svjmedia.nl\/nieuwegein\/wp-json\/wp\/v2\/posts\/1237\/revisions"}],"predecessor-version":[{"id":1243,"href":"https:\/\/svjmedia.nl\/nieuwegein\/wp-json\/wp\/v2\/posts\/1237\/revisions\/1243"}],"wp:featuredmedia":[{"embeddable":true,"href":"https:\/\/svjmedia.nl\/nieuwegein\/wp-json\/wp\/v2\/media\/1242"}],"wp:attachment":[{"href":"https:\/\/svjmedia.nl\/nieuwegein\/wp-json\/wp\/v2\/media?parent=1237"}],"wp:term":[{"taxonomy":"category","embeddable":true,"href":"https:\/\/svjmedia.nl\/nieuwegein\/wp-json\/wp\/v2\/categories?post=1237"},{"taxonomy":"post_tag","embeddable":true,"href":"https:\/\/svjmedia.nl\/nieuwegein\/wp-json\/wp\/v2\/tags?post=1237"}],"curies":[{"name":"wp","href":"https:\/\/api.w.org\/{rel}","templated":true}]}}