{"id":1405,"date":"2026-01-06T22:48:59","date_gmt":"2026-01-06T21:48:59","guid":{"rendered":"https:\/\/svjmedia.nl\/nieuwegein\/?p=1405"},"modified":"2026-01-06T22:48:59","modified_gmt":"2026-01-06T21:48:59","slug":"boswandeling-in-park-oudegein","status":"publish","type":"post","link":"https:\/\/svjmedia.nl\/nieuwegein\/1405\/boswandeling-in-park-oudegein\/","title":{"rendered":"Boswandeling in Park Oudegein"},"content":{"rendered":"<p data-start=\"145\" data-end=\"408\">Op zondag 21 december hield IVN een boswandeling in park Oudegein. Deelnemers keken en leerden over allerlei boomsoorten tijdens deze boswandeling. IVN-vrijwilliger Ceciline Kuipers vertelde meer over de boswandeling, de natuur en de verschillende soorten takken.<\/p>\n<p data-start=\"410\" data-end=\"431\">\n<p>&nbsp;<\/p>\n<p><span data-olk-copy-source=\"MessageBody\"><div class=\"humamaudio\" style=\"position:relative;overflow:hidden;width:600px;height:40px;margin:20px 0px;\"><iframe loading=\"lazy\" width=\"600\" height=\"40\" src=\"https:\/\/stream.hu.nl\/players\/LlfDWeH1-gUDjC9bv.html\"><\/iframe><\/div>\u00a0<\/span><\/p>\n","protected":false},"excerpt":{"rendered":"<p>Op zondag 21 december hield IVN een boswandeling in park Oudegein. Deelnemers keken en leerden over allerlei boomsoorten tijdens deze boswandeling. IVN-vrijwilliger Ceciline Kuipers vertelde meer over de boswandeling, de natuur en de verschillende soorten takken. &nbsp; \u00a0<\/p>\n","protected":false},"author":3907,"featured_media":1408,"comment_status":"closed","ping_status":"closed","sticky":false,"template":"","format":"standard","meta":{"_acf_changed":false,"_et_pb_use_builder":"","_et_pb_old_content":"","_et_gb_content_width":"","footnotes":""},"categories":[1],"tags":[],"class_list":["post-1405","post","type-post","status-publish","format-standard","has-post-thumbnail","hentry","category-cultuur-vrije-tijd","et-has-post-format-content","et_post_format-et-post-format-standard"],"acf":[],"yoast_head":"<!-- This site is optimized with the Yoast SEO plugin v27.5 - https:\/\/yoast.com\/product\/yoast-seo-wordpress\/ -->\n<title>Boswandeling in Park Oudegein - Nieuwegein<\/title>\n<meta name=\"robots\" content=\"noindex, follow, max-snippet:-1, max-image-preview:large, max-video-preview:-1\" \/>\n<meta property=\"og:locale\" content=\"nl_NL\" \/>\n<meta property=\"og:type\" content=\"article\" \/>\n<meta property=\"og:title\" content=\"Boswandeling in Park Oudegein - Nieuwegein\" \/>\n<meta property=\"og:description\" content=\"Op zondag 21 december hield IVN een boswandeling in park Oudegein. Deelnemers keken en leerden over allerlei boomsoorten tijdens deze boswandeling. IVN-vrijwilliger Ceciline Kuipers vertelde meer over de boswandeling, de natuur en de verschillende soorten takken. &nbsp; \u00a0\" \/>\n<meta property=\"og:url\" content=\"https:\/\/svjmedia.nl\/nieuwegein\/1405\/boswandeling-in-park-oudegein\/\" \/>\n<meta property=\"og:site_name\" content=\"Nieuwegein\" \/>\n<meta property=\"article:published_time\" content=\"2026-01-06T21:48:59+00:00\" \/>\n<meta property=\"og:image\" content=\"https:\/\/svjmedia.nl\/nieuwegein\/wp-content\/uploads\/sites\/1796\/2026\/01\/20251221_121701-scaled.jpg\" \/>\n\t<meta property=\"og:image:width\" content=\"2560\" \/>\n\t<meta property=\"og:image:height\" content=\"1920\" \/>\n\t<meta property=\"og:image:type\" content=\"image\/jpeg\" \/>\n<meta name=\"author\" content=\"Talha Yunus Cicek \u00c7i\u00e7ek\" \/>\n<meta name=\"twitter:card\" content=\"summary_large_image\" \/>\n<meta name=\"twitter:label1\" content=\"Geschreven door\" \/>\n\t<meta name=\"twitter:data1\" content=\"Talha Yunus Cicek \u00c7i\u00e7ek\" \/>\n<script type=\"application\/ld+json\" class=\"yoast-schema-graph\">{\"@context\":\"https:\\\/\\\/schema.org\",\"@graph\":[{\"@type\":\"Article\",\"@id\":\"https:\\\/\\\/svjmedia.nl\\\/nieuwegein\\\/1405\\\/boswandeling-in-park-oudegein\\\/#article\",\"isPartOf\":{\"@id\":\"https:\\\/\\\/svjmedia.nl\\\/nieuwegein\\\/1405\\\/boswandeling-in-park-oudegein\\\/\"},\"author\":{\"name\":\"Talha Yunus Cicek \u00c7i\u00e7ek\",\"@id\":\"https:\\\/\\\/svjmedia.nl\\\/nieuwegein\\\/#\\\/schema\\\/person\\\/145633c1de351c03c8df5cbeaa92c6d1\"},\"headline\":\"Boswandeling in Park Oudegein\",\"datePublished\":\"2026-01-06T21:48:59+00:00\",\"mainEntityOfPage\":{\"@id\":\"https:\\\/\\\/svjmedia.nl\\\/nieuwegein\\\/1405\\\/boswandeling-in-park-oudegein\\\/\"},\"wordCount\":45,\"image\":{\"@id\":\"https:\\\/\\\/svjmedia.nl\\\/nieuwegein\\\/1405\\\/boswandeling-in-park-oudegein\\\/#primaryimage\"},\"thumbnailUrl\":\"https:\\\/\\\/svjmedia.nl\\\/nieuwegein\\\/wp-content\\\/uploads\\\/sites\\\/1796\\\/2026\\\/01\\\/20251221_121701-scaled.jpg\",\"articleSection\":[\"Cultuur &amp; vrije tijd\"],\"inLanguage\":\"nl-NL\"},{\"@type\":\"WebPage\",\"@id\":\"https:\\\/\\\/svjmedia.nl\\\/nieuwegein\\\/1405\\\/boswandeling-in-park-oudegein\\\/\",\"url\":\"https:\\\/\\\/svjmedia.nl\\\/nieuwegein\\\/1405\\\/boswandeling-in-park-oudegein\\\/\",\"name\":\"Boswandeling in Park Oudegein - Nieuwegein\",\"isPartOf\":{\"@id\":\"https:\\\/\\\/svjmedia.nl\\\/nieuwegein\\\/#website\"},\"primaryImageOfPage\":{\"@id\":\"https:\\\/\\\/svjmedia.nl\\\/nieuwegein\\\/1405\\\/boswandeling-in-park-oudegein\\\/#primaryimage\"},\"image\":{\"@id\":\"https:\\\/\\\/svjmedia.nl\\\/nieuwegein\\\/1405\\\/boswandeling-in-park-oudegein\\\/#primaryimage\"},\"thumbnailUrl\":\"https:\\\/\\\/svjmedia.nl\\\/nieuwegein\\\/wp-content\\\/uploads\\\/sites\\\/1796\\\/2026\\\/01\\\/20251221_121701-scaled.jpg\",\"datePublished\":\"2026-01-06T21:48:59+00:00\",\"author\":{\"@id\":\"https:\\\/\\\/svjmedia.nl\\\/nieuwegein\\\/#\\\/schema\\\/person\\\/145633c1de351c03c8df5cbeaa92c6d1\"},\"breadcrumb\":{\"@id\":\"https:\\\/\\\/svjmedia.nl\\\/nieuwegein\\\/1405\\\/boswandeling-in-park-oudegein\\\/#breadcrumb\"},\"inLanguage\":\"nl-NL\",\"potentialAction\":[{\"@type\":\"ReadAction\",\"target\":[\"https:\\\/\\\/svjmedia.nl\\\/nieuwegein\\\/1405\\\/boswandeling-in-park-oudegein\\\/\"]}]},{\"@type\":\"ImageObject\",\"inLanguage\":\"nl-NL\",\"@id\":\"https:\\\/\\\/svjmedia.nl\\\/nieuwegein\\\/1405\\\/boswandeling-in-park-oudegein\\\/#primaryimage\",\"url\":\"https:\\\/\\\/svjmedia.nl\\\/nieuwegein\\\/wp-content\\\/uploads\\\/sites\\\/1796\\\/2026\\\/01\\\/20251221_121701-scaled.jpg\",\"contentUrl\":\"https:\\\/\\\/svjmedia.nl\\\/nieuwegein\\\/wp-content\\\/uploads\\\/sites\\\/1796\\\/2026\\\/01\\\/20251221_121701-scaled.jpg\",\"width\":2560,\"height\":1920},{\"@type\":\"BreadcrumbList\",\"@id\":\"https:\\\/\\\/svjmedia.nl\\\/nieuwegein\\\/1405\\\/boswandeling-in-park-oudegein\\\/#breadcrumb\",\"itemListElement\":[{\"@type\":\"ListItem\",\"position\":1,\"name\":\"Home\",\"item\":\"https:\\\/\\\/svjmedia.nl\\\/nieuwegein\\\/\"},{\"@type\":\"ListItem\",\"position\":2,\"name\":\"Boswandeling in Park Oudegein\"}]},{\"@type\":\"WebSite\",\"@id\":\"https:\\\/\\\/svjmedia.nl\\\/nieuwegein\\\/#website\",\"url\":\"https:\\\/\\\/svjmedia.nl\\\/nieuwegein\\\/\",\"name\":\"Nieuwegein\",\"description\":\"HU School voor Journalistiek Regiosite\",\"potentialAction\":[{\"@type\":\"SearchAction\",\"target\":{\"@type\":\"EntryPoint\",\"urlTemplate\":\"https:\\\/\\\/svjmedia.nl\\\/nieuwegein\\\/?s={search_term_string}\"},\"query-input\":{\"@type\":\"PropertyValueSpecification\",\"valueRequired\":true,\"valueName\":\"search_term_string\"}}],\"inLanguage\":\"nl-NL\"},{\"@type\":\"Person\",\"@id\":\"https:\\\/\\\/svjmedia.nl\\\/nieuwegein\\\/#\\\/schema\\\/person\\\/145633c1de351c03c8df5cbeaa92c6d1\",\"name\":\"Talha Yunus Cicek \u00c7i\u00e7ek\",\"image\":{\"@type\":\"ImageObject\",\"inLanguage\":\"nl-NL\",\"@id\":\"https:\\\/\\\/svjmedia.nl\\\/nieuwegein\\\/wp-content\\\/uploads\\\/sites\\\/1796\\\/2025\\\/09\\\/Talha-1-1-96x96.jpg\",\"url\":\"https:\\\/\\\/svjmedia.nl\\\/nieuwegein\\\/wp-content\\\/uploads\\\/sites\\\/1796\\\/2025\\\/09\\\/Talha-1-1-96x96.jpg\",\"contentUrl\":\"https:\\\/\\\/svjmedia.nl\\\/nieuwegein\\\/wp-content\\\/uploads\\\/sites\\\/1796\\\/2025\\\/09\\\/Talha-1-1-96x96.jpg\",\"caption\":\"Talha Yunus Cicek \u00c7i\u00e7ek\"},\"description\":\"Talha Cicek is 20 jaar en komt uit Delfzijl. Dit jaar maakt hij nieuws in Nieuwegein en produceert wekelijks lokaal nieuws. Hij is actief met het Jongerenpanel, waarmee hun lokale nieuwszenders informatie geven wat jongeren interessant vinden, en ook is hij actief bij het wijkbestuur in Delfzijl-Noord. Zijn moedertaal is Nederlands, hij spreekt vloeiend Turks, Engels en Hebreeuws en heeft ook kennis van Duits en Arabisch. Hij wilt later werken als oorlogsjournalist in het Midden-Oosten Heeft u een interessant nieuws voor hem? Mail naar talhacicek05@gmail.com\",\"url\":\"https:\\\/\\\/svjmedia.nl\\\/nieuwegein\\\/author\\\/talhayunuscicek-cicek\\\/\"}]}<\/script>\n<!-- \/ Yoast SEO plugin. -->","yoast_head_json":{"title":"Boswandeling in Park Oudegein - Nieuwegein","robots":{"index":"noindex","follow":"follow","max-snippet":"max-snippet:-1","max-image-preview":"max-image-preview:large","max-video-preview":"max-video-preview:-1"},"og_locale":"nl_NL","og_type":"article","og_title":"Boswandeling in Park Oudegein - Nieuwegein","og_description":"Op zondag 21 december hield IVN een boswandeling in park Oudegein. Deelnemers keken en leerden over allerlei boomsoorten tijdens deze boswandeling. IVN-vrijwilliger Ceciline Kuipers vertelde meer over de boswandeling, de natuur en de verschillende soorten takken. &nbsp; \u00a0","og_url":"https:\/\/svjmedia.nl\/nieuwegein\/1405\/boswandeling-in-park-oudegein\/","og_site_name":"Nieuwegein","article_published_time":"2026-01-06T21:48:59+00:00","og_image":[{"width":2560,"height":1920,"url":"https:\/\/svjmedia.nl\/nieuwegein\/wp-content\/uploads\/sites\/1796\/2026\/01\/20251221_121701-scaled.jpg","type":"image\/jpeg"}],"author":"Talha Yunus Cicek \u00c7i\u00e7ek","twitter_card":"summary_large_image","twitter_misc":{"Geschreven door":"Talha Yunus Cicek \u00c7i\u00e7ek"},"schema":{"@context":"https:\/\/schema.org","@graph":[{"@type":"Article","@id":"https:\/\/svjmedia.nl\/nieuwegein\/1405\/boswandeling-in-park-oudegein\/#article","isPartOf":{"@id":"https:\/\/svjmedia.nl\/nieuwegein\/1405\/boswandeling-in-park-oudegein\/"},"author":{"name":"Talha Yunus Cicek \u00c7i\u00e7ek","@id":"https:\/\/svjmedia.nl\/nieuwegein\/#\/schema\/person\/145633c1de351c03c8df5cbeaa92c6d1"},"headline":"Boswandeling in Park Oudegein","datePublished":"2026-01-06T21:48:59+00:00","mainEntityOfPage":{"@id":"https:\/\/svjmedia.nl\/nieuwegein\/1405\/boswandeling-in-park-oudegein\/"},"wordCount":45,"image":{"@id":"https:\/\/svjmedia.nl\/nieuwegein\/1405\/boswandeling-in-park-oudegein\/#primaryimage"},"thumbnailUrl":"https:\/\/svjmedia.nl\/nieuwegein\/wp-content\/uploads\/sites\/1796\/2026\/01\/20251221_121701-scaled.jpg","articleSection":["Cultuur &amp; vrije tijd"],"inLanguage":"nl-NL"},{"@type":"WebPage","@id":"https:\/\/svjmedia.nl\/nieuwegein\/1405\/boswandeling-in-park-oudegein\/","url":"https:\/\/svjmedia.nl\/nieuwegein\/1405\/boswandeling-in-park-oudegein\/","name":"Boswandeling in Park Oudegein - Nieuwegein","isPartOf":{"@id":"https:\/\/svjmedia.nl\/nieuwegein\/#website"},"primaryImageOfPage":{"@id":"https:\/\/svjmedia.nl\/nieuwegein\/1405\/boswandeling-in-park-oudegein\/#primaryimage"},"image":{"@id":"https:\/\/svjmedia.nl\/nieuwegein\/1405\/boswandeling-in-park-oudegein\/#primaryimage"},"thumbnailUrl":"https:\/\/svjmedia.nl\/nieuwegein\/wp-content\/uploads\/sites\/1796\/2026\/01\/20251221_121701-scaled.jpg","datePublished":"2026-01-06T21:48:59+00:00","author":{"@id":"https:\/\/svjmedia.nl\/nieuwegein\/#\/schema\/person\/145633c1de351c03c8df5cbeaa92c6d1"},"breadcrumb":{"@id":"https:\/\/svjmedia.nl\/nieuwegein\/1405\/boswandeling-in-park-oudegein\/#breadcrumb"},"inLanguage":"nl-NL","potentialAction":[{"@type":"ReadAction","target":["https:\/\/svjmedia.nl\/nieuwegein\/1405\/boswandeling-in-park-oudegein\/"]}]},{"@type":"ImageObject","inLanguage":"nl-NL","@id":"https:\/\/svjmedia.nl\/nieuwegein\/1405\/boswandeling-in-park-oudegein\/#primaryimage","url":"https:\/\/svjmedia.nl\/nieuwegein\/wp-content\/uploads\/sites\/1796\/2026\/01\/20251221_121701-scaled.jpg","contentUrl":"https:\/\/svjmedia.nl\/nieuwegein\/wp-content\/uploads\/sites\/1796\/2026\/01\/20251221_121701-scaled.jpg","width":2560,"height":1920},{"@type":"BreadcrumbList","@id":"https:\/\/svjmedia.nl\/nieuwegein\/1405\/boswandeling-in-park-oudegein\/#breadcrumb","itemListElement":[{"@type":"ListItem","position":1,"name":"Home","item":"https:\/\/svjmedia.nl\/nieuwegein\/"},{"@type":"ListItem","position":2,"name":"Boswandeling in Park Oudegein"}]},{"@type":"WebSite","@id":"https:\/\/svjmedia.nl\/nieuwegein\/#website","url":"https:\/\/svjmedia.nl\/nieuwegein\/","name":"Nieuwegein","description":"HU School voor Journalistiek Regiosite","potentialAction":[{"@type":"SearchAction","target":{"@type":"EntryPoint","urlTemplate":"https:\/\/svjmedia.nl\/nieuwegein\/?s={search_term_string}"},"query-input":{"@type":"PropertyValueSpecification","valueRequired":true,"valueName":"search_term_string"}}],"inLanguage":"nl-NL"},{"@type":"Person","@id":"https:\/\/svjmedia.nl\/nieuwegein\/#\/schema\/person\/145633c1de351c03c8df5cbeaa92c6d1","name":"Talha Yunus Cicek \u00c7i\u00e7ek","image":{"@type":"ImageObject","inLanguage":"nl-NL","@id":"https:\/\/svjmedia.nl\/nieuwegein\/wp-content\/uploads\/sites\/1796\/2025\/09\/Talha-1-1-96x96.jpg","url":"https:\/\/svjmedia.nl\/nieuwegein\/wp-content\/uploads\/sites\/1796\/2025\/09\/Talha-1-1-96x96.jpg","contentUrl":"https:\/\/svjmedia.nl\/nieuwegein\/wp-content\/uploads\/sites\/1796\/2025\/09\/Talha-1-1-96x96.jpg","caption":"Talha Yunus Cicek \u00c7i\u00e7ek"},"description":"Talha Cicek is 20 jaar en komt uit Delfzijl. Dit jaar maakt hij nieuws in Nieuwegein en produceert wekelijks lokaal nieuws. Hij is actief met het Jongerenpanel, waarmee hun lokale nieuwszenders informatie geven wat jongeren interessant vinden, en ook is hij actief bij het wijkbestuur in Delfzijl-Noord. Zijn moedertaal is Nederlands, hij spreekt vloeiend Turks, Engels en Hebreeuws en heeft ook kennis van Duits en Arabisch. Hij wilt later werken als oorlogsjournalist in het Midden-Oosten Heeft u een interessant nieuws voor hem? Mail naar talhacicek05@gmail.com","url":"https:\/\/svjmedia.nl\/nieuwegein\/author\/talhayunuscicek-cicek\/"}]}},"_links":{"self":[{"href":"https:\/\/svjmedia.nl\/nieuwegein\/wp-json\/wp\/v2\/posts\/1405","targetHints":{"allow":["GET"]}}],"collection":[{"href":"https:\/\/svjmedia.nl\/nieuwegein\/wp-json\/wp\/v2\/posts"}],"about":[{"href":"https:\/\/svjmedia.nl\/nieuwegein\/wp-json\/wp\/v2\/types\/post"}],"author":[{"embeddable":true,"href":"https:\/\/svjmedia.nl\/nieuwegein\/wp-json\/wp\/v2\/users\/3907"}],"replies":[{"embeddable":true,"href":"https:\/\/svjmedia.nl\/nieuwegein\/wp-json\/wp\/v2\/comments?post=1405"}],"version-history":[{"count":3,"href":"https:\/\/svjmedia.nl\/nieuwegein\/wp-json\/wp\/v2\/posts\/1405\/revisions"}],"predecessor-version":[{"id":1409,"href":"https:\/\/svjmedia.nl\/nieuwegein\/wp-json\/wp\/v2\/posts\/1405\/revisions\/1409"}],"wp:featuredmedia":[{"embeddable":true,"href":"https:\/\/svjmedia.nl\/nieuwegein\/wp-json\/wp\/v2\/media\/1408"}],"wp:attachment":[{"href":"https:\/\/svjmedia.nl\/nieuwegein\/wp-json\/wp\/v2\/media?parent=1405"}],"wp:term":[{"taxonomy":"category","embeddable":true,"href":"https:\/\/svjmedia.nl\/nieuwegein\/wp-json\/wp\/v2\/categories?post=1405"},{"taxonomy":"post_tag","embeddable":true,"href":"https:\/\/svjmedia.nl\/nieuwegein\/wp-json\/wp\/v2\/tags?post=1405"}],"curies":[{"name":"wp","href":"https:\/\/api.w.org\/{rel}","templated":true}]}}