{"id":1544,"date":"2026-02-23T02:34:17","date_gmt":"2026-02-23T01:34:17","guid":{"rendered":"https:\/\/svjmedia.nl\/nieuwegein\/?p=1544"},"modified":"2026-04-21T15:15:11","modified_gmt":"2026-04-21T13:15:11","slug":"we-willen-groter-en-sterker-worden-lokale-partijen-in-nieuwegein-slaan-handen-ineen","status":"publish","type":"post","link":"https:\/\/svjmedia.nl\/nieuwegein\/1544\/we-willen-groter-en-sterker-worden-lokale-partijen-in-nieuwegein-slaan-handen-ineen\/","title":{"rendered":"\u2018We willen groter en sterker worden\u2019: lokale partijen in Nieuwegein slaan handen ineen"},"content":{"rendered":"<p><strong>NIEUWEGEIN- Twee lokale politieke partijen uit Nieuwegein besluiten om op 18 maart de krachten te bundelen. VSP en Lokale vernieuwing delen vanaf de aankomende gemeenteraadsverkiezingen \u00e9\u00e9n kieslijst en hebben samen een verkiezingsprogramma opgesteld. Lokale vernieuwing heeft al acht jaar ervaring in de Nieuwegeinse gemeenteraad en zat de afgelopen vier jaar in de coalitie met 2 zetels. De VSP zat de afgelopen 4 jaar in de oppositie. Beide partijen voelde de behoefte om zich samen te voegen, met de hoop zo meer zetels te kunnen veroveren.<\/strong><\/p>\n<p><span class=\"Apple-converted-space\">\u00a0<\/span>De samenwerking verloopt tot nu toe erg prettig vertellen de lijsttrekkers van beide partijen.<span class=\"Apple-converted-space\">\u00a0<\/span>Arnold Houwer de lijsttrekker van de VSP en inwoner van Nieuwegein al sinds 2008, vertelt hoe de twee partijen bij het idee kwamen om zich samen te voegen: \u2018We (ik en een collega van de VSP) stonden toevallig te praten met een paar mensen van Lokale vernieuwing. We hadden het erover dat als we wat willen bereiken, we dan ook groter en sterker moeten worden. En zo zijn we aan de praat geraakt en hebben we gezegd: misschien moeten we de kopen maar bij elkaar steken. Nou ja dat hebben we gedaan, en we hebben de programma\u2019s vergelijken en toen bleek dat we over zo ongelofelijk veel dingen het zelfde dachten, dat we hebben gezegd dit is zo ongelofelijk goed te combineren.<span class=\"Apple-converted-space\">\u00a0<\/span><\/p>\n<p>Heleen Peters die sinds 2018 raadslid is en sinds 2022 lijsttrekster van de partij Lokale vernieuwing is ook erg tevreden over de samenwerking: \u2018Wij zijn eigenlijk alleen maar heel blij en eigenlijk ook wel trots dat het gelukt is.En het is ook nog gezellig.\u2019 Peters durft wel toe te geven dat het een vrij grote verandering was. \u2018Ik vond niks moeilijk maar wat ik wel spannend vond is natuurlijk de \u00e9\u00e9n-op-\u00e9\u00e9n match. Dat als je met elkaar bent en dus een grotere club vormt.Het net zo leuk en gezellig krijgt en net zo effectief kunt zijn als dat wij met onze kleinere fractie waren. En tot nu toe is dat zo. Dus je ziet wel een blij mens voor je. Om samen \u00e9\u00e9n mooie grote sterke politieke partij te zijn.Lokale politieke partij\u2019, benadrukt Peters.<span class=\"Apple-converted-space\">\u00a0<\/span><\/p>\n<p><strong>N\u00f3g geen nieuwe partij<\/strong><\/p>\n<p>De twee partijen hebben ervoor gekozen om nog geen nieuwe partij te gaan maken. Wel hebben ze \u00e9\u00e9n lijst, maar geen nieuwe\/gedeelde naam, dus moeten de inwoners van Nieuwegein nog even lokale vernieuwing\/VSP als naam te hanteren. Houwer legt uit waarom de partijen hiervoor hebben gekozen: Omdat wij lijst 2 hadden bij de verkiezingen.En als we met een nieuwe naam zouden gaan werken, dan zouden we onderaan komen. Dan Zouden we lijst 10 of 11 zijn. Dus het is gewoon een strategische keuze geweest. We gaan we nu verder onderzoeken of we als \u00e9\u00e9n partij met een nieuwe naam kunnen komen, dan heb je ook al vier jaar de tijd om naamsbekendheid op te bouwen.<\/p>\n<p><strong>Lokale vs nationale politiek<\/strong><\/p>\n<p>Beide lijsttrekkers vinden het erg belangrijk dat het onderscheidt tussen de lokale politiek en de nationale politiek duidelijk wordt gemaakt.\u2018Het doel is om samen \u00e9\u00e9n mooie grote sterke politieke partij te zijn. <em>Lokale<\/em> politieke partij\u2019, benadrukt Peters. \u2018Mensen denken ook altijd dat wij net als de mensen in Den Haag ruzie met elkaar hebben, en elkaar voor een flapdrol uitmaken, nou dat doen wij allemaal niet en dat proberen we ook echt wel anders te doen\u2019, vertelt Peters.<span class=\"Apple-converted-space\">\u00a0<\/span>\u2018Maar het merendeel van onze inkomsten is afhankelijk van het geld dat wij van Den Haag krijgen.En wat een heel belangrijk commentaar is vanuit ons, is dat Den Haag je wel opdrachten geeft, maar geen geld. Ja, dat werkt niet.\u2019 Ook Houwer is niet al tevreden over de politiek in Den Haag:\u2019Nou, ik denk dat het ook de uitstraling van de landelijke politiek is waardoor mensen<span class=\"Apple-converted-space\">\u00a0 <\/span>totaal geen vertrouwen meer hebben over wat er gebeurt in de politiek. Dus als het landelijk slecht gaat, straalt het gevolg van slechte reclame vanuit Den Haag op ons af. Want het is allemaal politiek.<\/p>\n<p><strong>In contact met Nieuwegeiners <\/strong><\/p>\n<p>Ondanks het feit dat de lokale politieke participatie ontzettend laag is, houden beide politiek leiders hoop. Zowel Peters als Houwers probeert veel in contact te komen met inwoners van Nieuwegein om op die manier de drempel een beetje te verlagen, en politieke participatie te verhogen. \u2018We vinden het wel echt allemaal, als hele raad, heel belangrijk de inwoners te blijven opzoeken en met name te stimuleren om te stemmen\u2019, aldus Peters. Ook de VSP doet zijn best te luisteren naar de Nieuwegeiners. \u2018We hebben zo&#8217;n partytent en daar staan we regelmatig mee op de markt, ook als er geen verkiezingen zijn, om contact te hebben met onze inwoners.\u2019 Toch blijft Peters ook realistisch over de verwachte opkomst tijdens de gemeenteraadsverkiezingen:\u2019Laten we niet net doen alsof je in vier jaar tijd, alle inwoners bereikt hebt.En iedereen denkt: nou met die verkiezingen 100% opkomst.Dat gaat natuurlijk niet gebeuren. Maar ik hoop echt dat wij minstens op het landelijk gemiddelde zitten van de opkomst. Maar ik vrees van niet.\u2019<\/p>\n<p>Wel zijn beide Peters en Houwers erg optimistisch over hun eigen uitslagen tijdens de verkiezingen. De lijsttrekster van Lokale vernieuwing vertelt dat ze eigenlijk wel heel zelfverzekerd is, en dat mede dankzij de samensmelting ze in ieder geval de grootste lokale partij hopen te worden. \u2018De kiezer heeft altijd gelijk.En het is aan hen.Maar samen hebben we nu zeven zetels.En nu is alleen PvdA\/GroenLinks groter. Waarvan de verwachting is dat zij kleiner worden, en dat wij gelijk blijven of groter worden, en dat lijkt me een mooi streven.<span class=\"Apple-converted-space\">\u00a0<\/span><\/p>\n","protected":false},"excerpt":{"rendered":"<p>NIEUWEGEIN- Twee lokale politieke partijen uit Nieuwegein besluiten om op 18 maart de krachten te bundelen. VSP en Lokale vernieuwing delen vanaf de aankomende gemeenteraadsverkiezingen \u00e9\u00e9n kieslijst en hebben samen een verkiezingsprogramma opgesteld. Lokale vernieuwing heeft al acht jaar ervaring in de Nieuwegeinse gemeenteraad en zat de afgelopen vier jaar in de coalitie met 2 [&hellip;]<\/p>\n","protected":false},"author":4131,"featured_media":2245,"comment_status":"closed","ping_status":"closed","sticky":false,"template":"","format":"standard","meta":{"_acf_changed":false,"_et_pb_use_builder":"","_et_pb_old_content":"","_et_gb_content_width":"","footnotes":""},"categories":[1],"tags":[75,74,76,47,73],"class_list":["post-1544","post","type-post","status-publish","format-standard","has-post-thumbnail","hentry","category-cultuur-vrije-tijd","tag-18-maart","tag-gemeenteraadsverkiezingen","tag-lokale-partijen","tag-nieuwegein","tag-politiek","et-has-post-format-content","et_post_format-et-post-format-standard"],"acf":[],"yoast_head":"<!-- This site is optimized with the Yoast SEO plugin v27.5 - https:\/\/yoast.com\/product\/yoast-seo-wordpress\/ -->\n<title>\u2018We willen groter en sterker worden\u2019: lokale partijen in Nieuwegein slaan handen ineen - Nieuwegein<\/title>\n<meta name=\"robots\" content=\"noindex, follow, max-snippet:-1, max-image-preview:large, max-video-preview:-1\" \/>\n<meta property=\"og:locale\" content=\"nl_NL\" \/>\n<meta property=\"og:type\" content=\"article\" \/>\n<meta property=\"og:title\" content=\"\u2018We willen groter en sterker worden\u2019: lokale partijen in Nieuwegein slaan handen ineen - Nieuwegein\" \/>\n<meta property=\"og:description\" content=\"NIEUWEGEIN- Twee lokale politieke partijen uit Nieuwegein besluiten om op 18 maart de krachten te bundelen. VSP en Lokale vernieuwing delen vanaf de aankomende gemeenteraadsverkiezingen \u00e9\u00e9n kieslijst en hebben samen een verkiezingsprogramma opgesteld. Lokale vernieuwing heeft al acht jaar ervaring in de Nieuwegeinse gemeenteraad en zat de afgelopen vier jaar in de coalitie met 2 [&hellip;]\" \/>\n<meta property=\"og:url\" content=\"https:\/\/svjmedia.nl\/nieuwegein\/1544\/we-willen-groter-en-sterker-worden-lokale-partijen-in-nieuwegein-slaan-handen-ineen\/\" \/>\n<meta property=\"og:site_name\" content=\"Nieuwegein\" \/>\n<meta property=\"article:published_time\" content=\"2026-02-23T01:34:17+00:00\" \/>\n<meta property=\"article:modified_time\" content=\"2026-04-21T13:15:11+00:00\" \/>\n<meta property=\"og:image\" content=\"https:\/\/svjmedia.nl\/nieuwegein\/wp-content\/uploads\/sites\/1796\/2026\/02\/tumisu-ballot-4751566_1920.png\" \/>\n\t<meta property=\"og:image:width\" content=\"1920\" \/>\n\t<meta property=\"og:image:height\" content=\"1355\" \/>\n\t<meta property=\"og:image:type\" content=\"image\/png\" \/>\n<meta name=\"author\" content=\"June van der Ende\" \/>\n<meta name=\"twitter:card\" content=\"summary_large_image\" \/>\n<meta name=\"twitter:label1\" content=\"Geschreven door\" \/>\n\t<meta name=\"twitter:data1\" content=\"June van der Ende\" \/>\n\t<meta name=\"twitter:label2\" content=\"Geschatte leestijd\" \/>\n\t<meta name=\"twitter:data2\" content=\"5 minuten\" \/>\n<script type=\"application\/ld+json\" class=\"yoast-schema-graph\">{\"@context\":\"https:\\\/\\\/schema.org\",\"@graph\":[{\"@type\":\"Article\",\"@id\":\"https:\\\/\\\/svjmedia.nl\\\/nieuwegein\\\/1544\\\/we-willen-groter-en-sterker-worden-lokale-partijen-in-nieuwegein-slaan-handen-ineen\\\/#article\",\"isPartOf\":{\"@id\":\"https:\\\/\\\/svjmedia.nl\\\/nieuwegein\\\/1544\\\/we-willen-groter-en-sterker-worden-lokale-partijen-in-nieuwegein-slaan-handen-ineen\\\/\"},\"author\":{\"name\":\"June van der Ende\",\"@id\":\"https:\\\/\\\/svjmedia.nl\\\/nieuwegein\\\/#\\\/schema\\\/person\\\/e22d12dbb241fac65a326b0cf5e6e0b4\"},\"headline\":\"\u2018We willen groter en sterker worden\u2019: lokale partijen in Nieuwegein slaan handen ineen\",\"datePublished\":\"2026-02-23T01:34:17+00:00\",\"dateModified\":\"2026-04-21T13:15:11+00:00\",\"mainEntityOfPage\":{\"@id\":\"https:\\\/\\\/svjmedia.nl\\\/nieuwegein\\\/1544\\\/we-willen-groter-en-sterker-worden-lokale-partijen-in-nieuwegein-slaan-handen-ineen\\\/\"},\"wordCount\":938,\"image\":{\"@id\":\"https:\\\/\\\/svjmedia.nl\\\/nieuwegein\\\/1544\\\/we-willen-groter-en-sterker-worden-lokale-partijen-in-nieuwegein-slaan-handen-ineen\\\/#primaryimage\"},\"thumbnailUrl\":\"https:\\\/\\\/svjmedia.nl\\\/nieuwegein\\\/wp-content\\\/uploads\\\/sites\\\/1796\\\/2026\\\/02\\\/tumisu-ballot-4751566_1920.png\",\"keywords\":[\"18 maart\",\"Gemeenteraadsverkiezingen\",\"Lokale partijen\",\"Nieuwegein\",\"Politiek\"],\"articleSection\":[\"Cultuur &amp; vrije tijd\"],\"inLanguage\":\"nl-NL\"},{\"@type\":\"WebPage\",\"@id\":\"https:\\\/\\\/svjmedia.nl\\\/nieuwegein\\\/1544\\\/we-willen-groter-en-sterker-worden-lokale-partijen-in-nieuwegein-slaan-handen-ineen\\\/\",\"url\":\"https:\\\/\\\/svjmedia.nl\\\/nieuwegein\\\/1544\\\/we-willen-groter-en-sterker-worden-lokale-partijen-in-nieuwegein-slaan-handen-ineen\\\/\",\"name\":\"\u2018We willen groter en sterker worden\u2019: lokale partijen in Nieuwegein slaan handen ineen - Nieuwegein\",\"isPartOf\":{\"@id\":\"https:\\\/\\\/svjmedia.nl\\\/nieuwegein\\\/#website\"},\"primaryImageOfPage\":{\"@id\":\"https:\\\/\\\/svjmedia.nl\\\/nieuwegein\\\/1544\\\/we-willen-groter-en-sterker-worden-lokale-partijen-in-nieuwegein-slaan-handen-ineen\\\/#primaryimage\"},\"image\":{\"@id\":\"https:\\\/\\\/svjmedia.nl\\\/nieuwegein\\\/1544\\\/we-willen-groter-en-sterker-worden-lokale-partijen-in-nieuwegein-slaan-handen-ineen\\\/#primaryimage\"},\"thumbnailUrl\":\"https:\\\/\\\/svjmedia.nl\\\/nieuwegein\\\/wp-content\\\/uploads\\\/sites\\\/1796\\\/2026\\\/02\\\/tumisu-ballot-4751566_1920.png\",\"datePublished\":\"2026-02-23T01:34:17+00:00\",\"dateModified\":\"2026-04-21T13:15:11+00:00\",\"author\":{\"@id\":\"https:\\\/\\\/svjmedia.nl\\\/nieuwegein\\\/#\\\/schema\\\/person\\\/e22d12dbb241fac65a326b0cf5e6e0b4\"},\"breadcrumb\":{\"@id\":\"https:\\\/\\\/svjmedia.nl\\\/nieuwegein\\\/1544\\\/we-willen-groter-en-sterker-worden-lokale-partijen-in-nieuwegein-slaan-handen-ineen\\\/#breadcrumb\"},\"inLanguage\":\"nl-NL\",\"potentialAction\":[{\"@type\":\"ReadAction\",\"target\":[\"https:\\\/\\\/svjmedia.nl\\\/nieuwegein\\\/1544\\\/we-willen-groter-en-sterker-worden-lokale-partijen-in-nieuwegein-slaan-handen-ineen\\\/\"]}]},{\"@type\":\"ImageObject\",\"inLanguage\":\"nl-NL\",\"@id\":\"https:\\\/\\\/svjmedia.nl\\\/nieuwegein\\\/1544\\\/we-willen-groter-en-sterker-worden-lokale-partijen-in-nieuwegein-slaan-handen-ineen\\\/#primaryimage\",\"url\":\"https:\\\/\\\/svjmedia.nl\\\/nieuwegein\\\/wp-content\\\/uploads\\\/sites\\\/1796\\\/2026\\\/02\\\/tumisu-ballot-4751566_1920.png\",\"contentUrl\":\"https:\\\/\\\/svjmedia.nl\\\/nieuwegein\\\/wp-content\\\/uploads\\\/sites\\\/1796\\\/2026\\\/02\\\/tumisu-ballot-4751566_1920.png\",\"width\":1920,\"height\":1355},{\"@type\":\"BreadcrumbList\",\"@id\":\"https:\\\/\\\/svjmedia.nl\\\/nieuwegein\\\/1544\\\/we-willen-groter-en-sterker-worden-lokale-partijen-in-nieuwegein-slaan-handen-ineen\\\/#breadcrumb\",\"itemListElement\":[{\"@type\":\"ListItem\",\"position\":1,\"name\":\"Home\",\"item\":\"https:\\\/\\\/svjmedia.nl\\\/nieuwegein\\\/\"},{\"@type\":\"ListItem\",\"position\":2,\"name\":\"\u2018We willen groter en sterker worden\u2019: lokale partijen in Nieuwegein slaan handen ineen\"}]},{\"@type\":\"WebSite\",\"@id\":\"https:\\\/\\\/svjmedia.nl\\\/nieuwegein\\\/#website\",\"url\":\"https:\\\/\\\/svjmedia.nl\\\/nieuwegein\\\/\",\"name\":\"Nieuwegein\",\"description\":\"HU School voor Journalistiek Regiosite\",\"potentialAction\":[{\"@type\":\"SearchAction\",\"target\":{\"@type\":\"EntryPoint\",\"urlTemplate\":\"https:\\\/\\\/svjmedia.nl\\\/nieuwegein\\\/?s={search_term_string}\"},\"query-input\":{\"@type\":\"PropertyValueSpecification\",\"valueRequired\":true,\"valueName\":\"search_term_string\"}}],\"inLanguage\":\"nl-NL\"},{\"@type\":\"Person\",\"@id\":\"https:\\\/\\\/svjmedia.nl\\\/nieuwegein\\\/#\\\/schema\\\/person\\\/e22d12dbb241fac65a326b0cf5e6e0b4\",\"name\":\"June van der Ende\",\"image\":{\"@type\":\"ImageObject\",\"inLanguage\":\"nl-NL\",\"@id\":\"https:\\\/\\\/secure.gravatar.com\\\/avatar\\\/a35bf4289044f19f99624136fb3e66b5eb708c88d85cca3f197bc5ef691d4374?s=96&d=mm&r=g\",\"url\":\"https:\\\/\\\/secure.gravatar.com\\\/avatar\\\/a35bf4289044f19f99624136fb3e66b5eb708c88d85cca3f197bc5ef691d4374?s=96&d=mm&r=g\",\"contentUrl\":\"https:\\\/\\\/secure.gravatar.com\\\/avatar\\\/a35bf4289044f19f99624136fb3e66b5eb708c88d85cca3f197bc5ef691d4374?s=96&d=mm&r=g\",\"caption\":\"June van der Ende\"},\"description\":\"J\u00fane van der Ende (2007) is een beginnende journalist. Met de motivatie om inspirerende en diepgaande verhalen over te brengen, studeert ze als eerstejaars aan de Hogeschool Utrecht. Ze schrijft momenteel elke maand een column voor Het Waagstuk (een Alkmaarse krant). Ook heeft ze ervaring opgedaan tijdens een stage bij een lokale krant en maakte ze tijdens haar middelbare schooltijd een mini-documentaire.\",\"url\":\"https:\\\/\\\/svjmedia.nl\\\/nieuwegein\\\/author\\\/june-vanderende\\\/\"}]}<\/script>\n<!-- \/ Yoast SEO plugin. -->","yoast_head_json":{"title":"\u2018We willen groter en sterker worden\u2019: lokale partijen in Nieuwegein slaan handen ineen - Nieuwegein","robots":{"index":"noindex","follow":"follow","max-snippet":"max-snippet:-1","max-image-preview":"max-image-preview:large","max-video-preview":"max-video-preview:-1"},"og_locale":"nl_NL","og_type":"article","og_title":"\u2018We willen groter en sterker worden\u2019: lokale partijen in Nieuwegein slaan handen ineen - Nieuwegein","og_description":"NIEUWEGEIN- Twee lokale politieke partijen uit Nieuwegein besluiten om op 18 maart de krachten te bundelen. VSP en Lokale vernieuwing delen vanaf de aankomende gemeenteraadsverkiezingen \u00e9\u00e9n kieslijst en hebben samen een verkiezingsprogramma opgesteld. Lokale vernieuwing heeft al acht jaar ervaring in de Nieuwegeinse gemeenteraad en zat de afgelopen vier jaar in de coalitie met 2 [&hellip;]","og_url":"https:\/\/svjmedia.nl\/nieuwegein\/1544\/we-willen-groter-en-sterker-worden-lokale-partijen-in-nieuwegein-slaan-handen-ineen\/","og_site_name":"Nieuwegein","article_published_time":"2026-02-23T01:34:17+00:00","article_modified_time":"2026-04-21T13:15:11+00:00","og_image":[{"width":1920,"height":1355,"url":"https:\/\/svjmedia.nl\/nieuwegein\/wp-content\/uploads\/sites\/1796\/2026\/02\/tumisu-ballot-4751566_1920.png","type":"image\/png"}],"author":"June van der Ende","twitter_card":"summary_large_image","twitter_misc":{"Geschreven door":"June van der Ende","Geschatte leestijd":"5 minuten"},"schema":{"@context":"https:\/\/schema.org","@graph":[{"@type":"Article","@id":"https:\/\/svjmedia.nl\/nieuwegein\/1544\/we-willen-groter-en-sterker-worden-lokale-partijen-in-nieuwegein-slaan-handen-ineen\/#article","isPartOf":{"@id":"https:\/\/svjmedia.nl\/nieuwegein\/1544\/we-willen-groter-en-sterker-worden-lokale-partijen-in-nieuwegein-slaan-handen-ineen\/"},"author":{"name":"June van der Ende","@id":"https:\/\/svjmedia.nl\/nieuwegein\/#\/schema\/person\/e22d12dbb241fac65a326b0cf5e6e0b4"},"headline":"\u2018We willen groter en sterker worden\u2019: lokale partijen in Nieuwegein slaan handen ineen","datePublished":"2026-02-23T01:34:17+00:00","dateModified":"2026-04-21T13:15:11+00:00","mainEntityOfPage":{"@id":"https:\/\/svjmedia.nl\/nieuwegein\/1544\/we-willen-groter-en-sterker-worden-lokale-partijen-in-nieuwegein-slaan-handen-ineen\/"},"wordCount":938,"image":{"@id":"https:\/\/svjmedia.nl\/nieuwegein\/1544\/we-willen-groter-en-sterker-worden-lokale-partijen-in-nieuwegein-slaan-handen-ineen\/#primaryimage"},"thumbnailUrl":"https:\/\/svjmedia.nl\/nieuwegein\/wp-content\/uploads\/sites\/1796\/2026\/02\/tumisu-ballot-4751566_1920.png","keywords":["18 maart","Gemeenteraadsverkiezingen","Lokale partijen","Nieuwegein","Politiek"],"articleSection":["Cultuur &amp; vrije tijd"],"inLanguage":"nl-NL"},{"@type":"WebPage","@id":"https:\/\/svjmedia.nl\/nieuwegein\/1544\/we-willen-groter-en-sterker-worden-lokale-partijen-in-nieuwegein-slaan-handen-ineen\/","url":"https:\/\/svjmedia.nl\/nieuwegein\/1544\/we-willen-groter-en-sterker-worden-lokale-partijen-in-nieuwegein-slaan-handen-ineen\/","name":"\u2018We willen groter en sterker worden\u2019: lokale partijen in Nieuwegein slaan handen ineen - Nieuwegein","isPartOf":{"@id":"https:\/\/svjmedia.nl\/nieuwegein\/#website"},"primaryImageOfPage":{"@id":"https:\/\/svjmedia.nl\/nieuwegein\/1544\/we-willen-groter-en-sterker-worden-lokale-partijen-in-nieuwegein-slaan-handen-ineen\/#primaryimage"},"image":{"@id":"https:\/\/svjmedia.nl\/nieuwegein\/1544\/we-willen-groter-en-sterker-worden-lokale-partijen-in-nieuwegein-slaan-handen-ineen\/#primaryimage"},"thumbnailUrl":"https:\/\/svjmedia.nl\/nieuwegein\/wp-content\/uploads\/sites\/1796\/2026\/02\/tumisu-ballot-4751566_1920.png","datePublished":"2026-02-23T01:34:17+00:00","dateModified":"2026-04-21T13:15:11+00:00","author":{"@id":"https:\/\/svjmedia.nl\/nieuwegein\/#\/schema\/person\/e22d12dbb241fac65a326b0cf5e6e0b4"},"breadcrumb":{"@id":"https:\/\/svjmedia.nl\/nieuwegein\/1544\/we-willen-groter-en-sterker-worden-lokale-partijen-in-nieuwegein-slaan-handen-ineen\/#breadcrumb"},"inLanguage":"nl-NL","potentialAction":[{"@type":"ReadAction","target":["https:\/\/svjmedia.nl\/nieuwegein\/1544\/we-willen-groter-en-sterker-worden-lokale-partijen-in-nieuwegein-slaan-handen-ineen\/"]}]},{"@type":"ImageObject","inLanguage":"nl-NL","@id":"https:\/\/svjmedia.nl\/nieuwegein\/1544\/we-willen-groter-en-sterker-worden-lokale-partijen-in-nieuwegein-slaan-handen-ineen\/#primaryimage","url":"https:\/\/svjmedia.nl\/nieuwegein\/wp-content\/uploads\/sites\/1796\/2026\/02\/tumisu-ballot-4751566_1920.png","contentUrl":"https:\/\/svjmedia.nl\/nieuwegein\/wp-content\/uploads\/sites\/1796\/2026\/02\/tumisu-ballot-4751566_1920.png","width":1920,"height":1355},{"@type":"BreadcrumbList","@id":"https:\/\/svjmedia.nl\/nieuwegein\/1544\/we-willen-groter-en-sterker-worden-lokale-partijen-in-nieuwegein-slaan-handen-ineen\/#breadcrumb","itemListElement":[{"@type":"ListItem","position":1,"name":"Home","item":"https:\/\/svjmedia.nl\/nieuwegein\/"},{"@type":"ListItem","position":2,"name":"\u2018We willen groter en sterker worden\u2019: lokale partijen in Nieuwegein slaan handen ineen"}]},{"@type":"WebSite","@id":"https:\/\/svjmedia.nl\/nieuwegein\/#website","url":"https:\/\/svjmedia.nl\/nieuwegein\/","name":"Nieuwegein","description":"HU School voor Journalistiek Regiosite","potentialAction":[{"@type":"SearchAction","target":{"@type":"EntryPoint","urlTemplate":"https:\/\/svjmedia.nl\/nieuwegein\/?s={search_term_string}"},"query-input":{"@type":"PropertyValueSpecification","valueRequired":true,"valueName":"search_term_string"}}],"inLanguage":"nl-NL"},{"@type":"Person","@id":"https:\/\/svjmedia.nl\/nieuwegein\/#\/schema\/person\/e22d12dbb241fac65a326b0cf5e6e0b4","name":"June van der Ende","image":{"@type":"ImageObject","inLanguage":"nl-NL","@id":"https:\/\/secure.gravatar.com\/avatar\/a35bf4289044f19f99624136fb3e66b5eb708c88d85cca3f197bc5ef691d4374?s=96&d=mm&r=g","url":"https:\/\/secure.gravatar.com\/avatar\/a35bf4289044f19f99624136fb3e66b5eb708c88d85cca3f197bc5ef691d4374?s=96&d=mm&r=g","contentUrl":"https:\/\/secure.gravatar.com\/avatar\/a35bf4289044f19f99624136fb3e66b5eb708c88d85cca3f197bc5ef691d4374?s=96&d=mm&r=g","caption":"June van der Ende"},"description":"J\u00fane van der Ende (2007) is een beginnende journalist. Met de motivatie om inspirerende en diepgaande verhalen over te brengen, studeert ze als eerstejaars aan de Hogeschool Utrecht. Ze schrijft momenteel elke maand een column voor Het Waagstuk (een Alkmaarse krant). Ook heeft ze ervaring opgedaan tijdens een stage bij een lokale krant en maakte ze tijdens haar middelbare schooltijd een mini-documentaire.","url":"https:\/\/svjmedia.nl\/nieuwegein\/author\/june-vanderende\/"}]}},"_links":{"self":[{"href":"https:\/\/svjmedia.nl\/nieuwegein\/wp-json\/wp\/v2\/posts\/1544","targetHints":{"allow":["GET"]}}],"collection":[{"href":"https:\/\/svjmedia.nl\/nieuwegein\/wp-json\/wp\/v2\/posts"}],"about":[{"href":"https:\/\/svjmedia.nl\/nieuwegein\/wp-json\/wp\/v2\/types\/post"}],"author":[{"embeddable":true,"href":"https:\/\/svjmedia.nl\/nieuwegein\/wp-json\/wp\/v2\/users\/4131"}],"replies":[{"embeddable":true,"href":"https:\/\/svjmedia.nl\/nieuwegein\/wp-json\/wp\/v2\/comments?post=1544"}],"version-history":[{"count":7,"href":"https:\/\/svjmedia.nl\/nieuwegein\/wp-json\/wp\/v2\/posts\/1544\/revisions"}],"predecessor-version":[{"id":1557,"href":"https:\/\/svjmedia.nl\/nieuwegein\/wp-json\/wp\/v2\/posts\/1544\/revisions\/1557"}],"wp:featuredmedia":[{"embeddable":true,"href":"https:\/\/svjmedia.nl\/nieuwegein\/wp-json\/wp\/v2\/media\/2245"}],"wp:attachment":[{"href":"https:\/\/svjmedia.nl\/nieuwegein\/wp-json\/wp\/v2\/media?parent=1544"}],"wp:term":[{"taxonomy":"category","embeddable":true,"href":"https:\/\/svjmedia.nl\/nieuwegein\/wp-json\/wp\/v2\/categories?post=1544"},{"taxonomy":"post_tag","embeddable":true,"href":"https:\/\/svjmedia.nl\/nieuwegein\/wp-json\/wp\/v2\/tags?post=1544"}],"curies":[{"name":"wp","href":"https:\/\/api.w.org\/{rel}","templated":true}]}}