{"id":10411,"date":"2023-11-08T17:02:46","date_gmt":"2023-11-08T16:02:46","guid":{"rendered":"https:\/\/svjmedia.nl\/specialisaties\/?p=10411"},"modified":"2023-11-08T18:46:21","modified_gmt":"2023-11-08T17:46:21","slug":"oekrainers-op-zoek-naar-een-nieuw-paspoort","status":"publish","type":"post","link":"https:\/\/svjmedia.nl\/specialisaties\/10411\/oekrainers-op-zoek-naar-een-nieuw-paspoort\/","title":{"rendered":"Oekra\u00efners op zoek naar een nieuw paspoort"},"content":{"rendered":"<p>Alina is Oekra\u00efens, ze is vorig jaar naar Nederland gevlucht vanwege de oorlog. Haar paspoort dreigt binnenkort te verlopen dus deze wil ze graag verlengen. Voor Oekra\u00efeners is dat alleen niet zo eenvoudig als het misschien klinkt. Binnen Europa kunnen Oekra\u00efeners namelijk alleen in Warschau en Berlijn terecht voor een nieuw paspoort. Voor vele is dit een verre reis; Oekra\u00efeners leven nu verspreid over heel Europa. Ook is het paspoort van veel Oekra\u00efeners al verlopen, waardoor ze officieel niet mogen reizen binnen Europa. Ik ga met Alina mee op haar zoektocht naar een nieuw paspoort.<\/p>\n<div class=\"humamaudio\" style=\"position:relative;overflow:hidden;width:600px;height:40px;margin:20px 0px;\"><iframe loading=\"lazy\" width=\"600\" height=\"40\" src=\"https:\/\/stream.hu.nl\/players\/XiYJ80rW-gUDjC9bv.html\"><\/iframe><\/div>\n","protected":false},"excerpt":{"rendered":"<p>Alina is Oekra\u00efens, ze is vorig jaar naar Nederland gevlucht vanwege de oorlog. Haar paspoort dreigt binnenkort te verlopen dus deze wil ze graag verlengen. Voor Oekra\u00efeners is dat alleen niet zo eenvoudig als het misschien klinkt. Binnen Europa kunnen Oekra\u00efeners namelijk alleen in Warschau en Berlijn terecht voor een nieuw paspoort. Voor vele is [&hellip;]<\/p>\n","protected":false},"author":1093,"featured_media":10432,"comment_status":"closed","ping_status":"closed","sticky":false,"template":"","format":"standard","meta":{"_acf_changed":false,"_et_pb_use_builder":"","_et_pb_old_content":"","_et_gb_content_width":"","footnotes":""},"categories":[1],"tags":[],"class_list":["post-10411","post","type-post","status-publish","format-standard","has-post-thumbnail","hentry","category-kcl","et-has-post-format-content","et_post_format-et-post-format-standard"],"acf":[],"yoast_head":"<!-- This site is optimized with the Yoast SEO plugin v27.5 - https:\/\/yoast.com\/product\/yoast-seo-wordpress\/ -->\n<title>Oekra\u00efners op zoek naar een nieuw paspoort - SVJ Specialisaties<\/title>\n<meta name=\"robots\" content=\"noindex, follow, max-snippet:-1, max-image-preview:large, max-video-preview:-1\" \/>\n<meta property=\"og:locale\" content=\"nl_NL\" \/>\n<meta property=\"og:type\" content=\"article\" \/>\n<meta property=\"og:title\" content=\"Oekra\u00efners op zoek naar een nieuw paspoort - SVJ Specialisaties\" \/>\n<meta property=\"og:description\" content=\"Alina is Oekra\u00efens, ze is vorig jaar naar Nederland gevlucht vanwege de oorlog. Haar paspoort dreigt binnenkort te verlopen dus deze wil ze graag verlengen. Voor Oekra\u00efeners is dat alleen niet zo eenvoudig als het misschien klinkt. Binnen Europa kunnen Oekra\u00efeners namelijk alleen in Warschau en Berlijn terecht voor een nieuw paspoort. Voor vele is [&hellip;]\" \/>\n<meta property=\"og:url\" content=\"https:\/\/svjmedia.nl\/specialisaties\/10411\/oekrainers-op-zoek-naar-een-nieuw-paspoort\/\" \/>\n<meta property=\"og:site_name\" content=\"SVJ Specialisaties\" \/>\n<meta property=\"article:published_time\" content=\"2023-11-08T16:02:46+00:00\" \/>\n<meta property=\"article:modified_time\" content=\"2023-11-08T17:46:21+00:00\" \/>\n<meta property=\"og:image\" content=\"https:\/\/svjmedia.nl\/specialisaties\/wp-content\/uploads\/sites\/735\/2023\/11\/IMG_8543.jpg\" \/>\n\t<meta property=\"og:image:width\" content=\"1280\" \/>\n\t<meta property=\"og:image:height\" content=\"960\" \/>\n\t<meta property=\"og:image:type\" content=\"image\/jpeg\" \/>\n<meta name=\"author\" content=\"Laurens Kubinek\" \/>\n<meta name=\"twitter:card\" content=\"summary_large_image\" \/>\n<meta name=\"twitter:label1\" content=\"Geschreven door\" \/>\n\t<meta name=\"twitter:data1\" content=\"Laurens Kubinek\" \/>\n\t<meta name=\"twitter:label2\" content=\"Geschatte leestijd\" \/>\n\t<meta name=\"twitter:data2\" content=\"1 minuut\" \/>\n<script type=\"application\/ld+json\" class=\"yoast-schema-graph\">{\"@context\":\"https:\\\/\\\/schema.org\",\"@graph\":[{\"@type\":\"Article\",\"@id\":\"https:\\\/\\\/svjmedia.nl\\\/specialisaties\\\/10411\\\/oekrainers-op-zoek-naar-een-nieuw-paspoort\\\/#article\",\"isPartOf\":{\"@id\":\"https:\\\/\\\/svjmedia.nl\\\/specialisaties\\\/10411\\\/oekrainers-op-zoek-naar-een-nieuw-paspoort\\\/\"},\"author\":{\"name\":\"Laurens Kubinek\",\"@id\":\"https:\\\/\\\/svjmedia.nl\\\/specialisaties\\\/#\\\/schema\\\/person\\\/c1399471997d6269d85189c76621fc4a\"},\"headline\":\"Oekra\u00efners op zoek naar een nieuw paspoort\",\"datePublished\":\"2023-11-08T16:02:46+00:00\",\"dateModified\":\"2023-11-08T17:46:21+00:00\",\"mainEntityOfPage\":{\"@id\":\"https:\\\/\\\/svjmedia.nl\\\/specialisaties\\\/10411\\\/oekrainers-op-zoek-naar-een-nieuw-paspoort\\\/\"},\"wordCount\":114,\"image\":{\"@id\":\"https:\\\/\\\/svjmedia.nl\\\/specialisaties\\\/10411\\\/oekrainers-op-zoek-naar-een-nieuw-paspoort\\\/#primaryimage\"},\"thumbnailUrl\":\"https:\\\/\\\/svjmedia.nl\\\/specialisaties\\\/wp-content\\\/uploads\\\/sites\\\/735\\\/2023\\\/11\\\/IMG_8543.jpg\",\"articleSection\":[\"Kunst, Cultuur &amp; Lifestyle\"],\"inLanguage\":\"nl-NL\"},{\"@type\":\"WebPage\",\"@id\":\"https:\\\/\\\/svjmedia.nl\\\/specialisaties\\\/10411\\\/oekrainers-op-zoek-naar-een-nieuw-paspoort\\\/\",\"url\":\"https:\\\/\\\/svjmedia.nl\\\/specialisaties\\\/10411\\\/oekrainers-op-zoek-naar-een-nieuw-paspoort\\\/\",\"name\":\"Oekra\u00efners op zoek naar een nieuw paspoort - SVJ Specialisaties\",\"isPartOf\":{\"@id\":\"https:\\\/\\\/svjmedia.nl\\\/specialisaties\\\/#website\"},\"primaryImageOfPage\":{\"@id\":\"https:\\\/\\\/svjmedia.nl\\\/specialisaties\\\/10411\\\/oekrainers-op-zoek-naar-een-nieuw-paspoort\\\/#primaryimage\"},\"image\":{\"@id\":\"https:\\\/\\\/svjmedia.nl\\\/specialisaties\\\/10411\\\/oekrainers-op-zoek-naar-een-nieuw-paspoort\\\/#primaryimage\"},\"thumbnailUrl\":\"https:\\\/\\\/svjmedia.nl\\\/specialisaties\\\/wp-content\\\/uploads\\\/sites\\\/735\\\/2023\\\/11\\\/IMG_8543.jpg\",\"datePublished\":\"2023-11-08T16:02:46+00:00\",\"dateModified\":\"2023-11-08T17:46:21+00:00\",\"author\":{\"@id\":\"https:\\\/\\\/svjmedia.nl\\\/specialisaties\\\/#\\\/schema\\\/person\\\/c1399471997d6269d85189c76621fc4a\"},\"breadcrumb\":{\"@id\":\"https:\\\/\\\/svjmedia.nl\\\/specialisaties\\\/10411\\\/oekrainers-op-zoek-naar-een-nieuw-paspoort\\\/#breadcrumb\"},\"inLanguage\":\"nl-NL\",\"potentialAction\":[{\"@type\":\"ReadAction\",\"target\":[\"https:\\\/\\\/svjmedia.nl\\\/specialisaties\\\/10411\\\/oekrainers-op-zoek-naar-een-nieuw-paspoort\\\/\"]}]},{\"@type\":\"ImageObject\",\"inLanguage\":\"nl-NL\",\"@id\":\"https:\\\/\\\/svjmedia.nl\\\/specialisaties\\\/10411\\\/oekrainers-op-zoek-naar-een-nieuw-paspoort\\\/#primaryimage\",\"url\":\"https:\\\/\\\/svjmedia.nl\\\/specialisaties\\\/wp-content\\\/uploads\\\/sites\\\/735\\\/2023\\\/11\\\/IMG_8543.jpg\",\"contentUrl\":\"https:\\\/\\\/svjmedia.nl\\\/specialisaties\\\/wp-content\\\/uploads\\\/sites\\\/735\\\/2023\\\/11\\\/IMG_8543.jpg\",\"width\":1280,\"height\":960,\"caption\":\"Foto: Laurens Kubinek\"},{\"@type\":\"BreadcrumbList\",\"@id\":\"https:\\\/\\\/svjmedia.nl\\\/specialisaties\\\/10411\\\/oekrainers-op-zoek-naar-een-nieuw-paspoort\\\/#breadcrumb\",\"itemListElement\":[{\"@type\":\"ListItem\",\"position\":1,\"name\":\"Home\",\"item\":\"https:\\\/\\\/svjmedia.nl\\\/specialisaties\\\/\"},{\"@type\":\"ListItem\",\"position\":2,\"name\":\"Oekra\u00efners op zoek naar een nieuw paspoort\"}]},{\"@type\":\"WebSite\",\"@id\":\"https:\\\/\\\/svjmedia.nl\\\/specialisaties\\\/#website\",\"url\":\"https:\\\/\\\/svjmedia.nl\\\/specialisaties\\\/\",\"name\":\"SVJ Specialisaties\",\"description\":\"HU School voor Journalistiek Regiosite\",\"potentialAction\":[{\"@type\":\"SearchAction\",\"target\":{\"@type\":\"EntryPoint\",\"urlTemplate\":\"https:\\\/\\\/svjmedia.nl\\\/specialisaties\\\/?s={search_term_string}\"},\"query-input\":{\"@type\":\"PropertyValueSpecification\",\"valueRequired\":true,\"valueName\":\"search_term_string\"}}],\"inLanguage\":\"nl-NL\"},{\"@type\":\"Person\",\"@id\":\"https:\\\/\\\/svjmedia.nl\\\/specialisaties\\\/#\\\/schema\\\/person\\\/c1399471997d6269d85189c76621fc4a\",\"name\":\"Laurens Kubinek\",\"image\":{\"@type\":\"ImageObject\",\"inLanguage\":\"nl-NL\",\"@id\":\"https:\\\/\\\/secure.gravatar.com\\\/avatar\\\/a59158dca02ff095dc5848e4e5ea248fed5166f2bf3a0d1f852708d687340cfa?s=96&d=mm&r=g\",\"url\":\"https:\\\/\\\/secure.gravatar.com\\\/avatar\\\/a59158dca02ff095dc5848e4e5ea248fed5166f2bf3a0d1f852708d687340cfa?s=96&d=mm&r=g\",\"contentUrl\":\"https:\\\/\\\/secure.gravatar.com\\\/avatar\\\/a59158dca02ff095dc5848e4e5ea248fed5166f2bf3a0d1f852708d687340cfa?s=96&d=mm&r=g\",\"caption\":\"Laurens Kubinek\"},\"url\":\"https:\\\/\\\/svjmedia.nl\\\/specialisaties\\\/author\\\/laurens-kubinek\\\/\"}]}<\/script>\n<!-- \/ Yoast SEO plugin. -->","yoast_head_json":{"title":"Oekra\u00efners op zoek naar een nieuw paspoort - SVJ Specialisaties","robots":{"index":"noindex","follow":"follow","max-snippet":"max-snippet:-1","max-image-preview":"max-image-preview:large","max-video-preview":"max-video-preview:-1"},"og_locale":"nl_NL","og_type":"article","og_title":"Oekra\u00efners op zoek naar een nieuw paspoort - SVJ Specialisaties","og_description":"Alina is Oekra\u00efens, ze is vorig jaar naar Nederland gevlucht vanwege de oorlog. Haar paspoort dreigt binnenkort te verlopen dus deze wil ze graag verlengen. Voor Oekra\u00efeners is dat alleen niet zo eenvoudig als het misschien klinkt. Binnen Europa kunnen Oekra\u00efeners namelijk alleen in Warschau en Berlijn terecht voor een nieuw paspoort. Voor vele is [&hellip;]","og_url":"https:\/\/svjmedia.nl\/specialisaties\/10411\/oekrainers-op-zoek-naar-een-nieuw-paspoort\/","og_site_name":"SVJ Specialisaties","article_published_time":"2023-11-08T16:02:46+00:00","article_modified_time":"2023-11-08T17:46:21+00:00","og_image":[{"width":1280,"height":960,"url":"https:\/\/svjmedia.nl\/specialisaties\/wp-content\/uploads\/sites\/735\/2023\/11\/IMG_8543.jpg","type":"image\/jpeg"}],"author":"Laurens Kubinek","twitter_card":"summary_large_image","twitter_misc":{"Geschreven door":"Laurens Kubinek","Geschatte leestijd":"1 minuut"},"schema":{"@context":"https:\/\/schema.org","@graph":[{"@type":"Article","@id":"https:\/\/svjmedia.nl\/specialisaties\/10411\/oekrainers-op-zoek-naar-een-nieuw-paspoort\/#article","isPartOf":{"@id":"https:\/\/svjmedia.nl\/specialisaties\/10411\/oekrainers-op-zoek-naar-een-nieuw-paspoort\/"},"author":{"name":"Laurens Kubinek","@id":"https:\/\/svjmedia.nl\/specialisaties\/#\/schema\/person\/c1399471997d6269d85189c76621fc4a"},"headline":"Oekra\u00efners op zoek naar een nieuw paspoort","datePublished":"2023-11-08T16:02:46+00:00","dateModified":"2023-11-08T17:46:21+00:00","mainEntityOfPage":{"@id":"https:\/\/svjmedia.nl\/specialisaties\/10411\/oekrainers-op-zoek-naar-een-nieuw-paspoort\/"},"wordCount":114,"image":{"@id":"https:\/\/svjmedia.nl\/specialisaties\/10411\/oekrainers-op-zoek-naar-een-nieuw-paspoort\/#primaryimage"},"thumbnailUrl":"https:\/\/svjmedia.nl\/specialisaties\/wp-content\/uploads\/sites\/735\/2023\/11\/IMG_8543.jpg","articleSection":["Kunst, Cultuur &amp; Lifestyle"],"inLanguage":"nl-NL"},{"@type":"WebPage","@id":"https:\/\/svjmedia.nl\/specialisaties\/10411\/oekrainers-op-zoek-naar-een-nieuw-paspoort\/","url":"https:\/\/svjmedia.nl\/specialisaties\/10411\/oekrainers-op-zoek-naar-een-nieuw-paspoort\/","name":"Oekra\u00efners op zoek naar een nieuw paspoort - SVJ Specialisaties","isPartOf":{"@id":"https:\/\/svjmedia.nl\/specialisaties\/#website"},"primaryImageOfPage":{"@id":"https:\/\/svjmedia.nl\/specialisaties\/10411\/oekrainers-op-zoek-naar-een-nieuw-paspoort\/#primaryimage"},"image":{"@id":"https:\/\/svjmedia.nl\/specialisaties\/10411\/oekrainers-op-zoek-naar-een-nieuw-paspoort\/#primaryimage"},"thumbnailUrl":"https:\/\/svjmedia.nl\/specialisaties\/wp-content\/uploads\/sites\/735\/2023\/11\/IMG_8543.jpg","datePublished":"2023-11-08T16:02:46+00:00","dateModified":"2023-11-08T17:46:21+00:00","author":{"@id":"https:\/\/svjmedia.nl\/specialisaties\/#\/schema\/person\/c1399471997d6269d85189c76621fc4a"},"breadcrumb":{"@id":"https:\/\/svjmedia.nl\/specialisaties\/10411\/oekrainers-op-zoek-naar-een-nieuw-paspoort\/#breadcrumb"},"inLanguage":"nl-NL","potentialAction":[{"@type":"ReadAction","target":["https:\/\/svjmedia.nl\/specialisaties\/10411\/oekrainers-op-zoek-naar-een-nieuw-paspoort\/"]}]},{"@type":"ImageObject","inLanguage":"nl-NL","@id":"https:\/\/svjmedia.nl\/specialisaties\/10411\/oekrainers-op-zoek-naar-een-nieuw-paspoort\/#primaryimage","url":"https:\/\/svjmedia.nl\/specialisaties\/wp-content\/uploads\/sites\/735\/2023\/11\/IMG_8543.jpg","contentUrl":"https:\/\/svjmedia.nl\/specialisaties\/wp-content\/uploads\/sites\/735\/2023\/11\/IMG_8543.jpg","width":1280,"height":960,"caption":"Foto: Laurens Kubinek"},{"@type":"BreadcrumbList","@id":"https:\/\/svjmedia.nl\/specialisaties\/10411\/oekrainers-op-zoek-naar-een-nieuw-paspoort\/#breadcrumb","itemListElement":[{"@type":"ListItem","position":1,"name":"Home","item":"https:\/\/svjmedia.nl\/specialisaties\/"},{"@type":"ListItem","position":2,"name":"Oekra\u00efners op zoek naar een nieuw paspoort"}]},{"@type":"WebSite","@id":"https:\/\/svjmedia.nl\/specialisaties\/#website","url":"https:\/\/svjmedia.nl\/specialisaties\/","name":"SVJ Specialisaties","description":"HU School voor Journalistiek Regiosite","potentialAction":[{"@type":"SearchAction","target":{"@type":"EntryPoint","urlTemplate":"https:\/\/svjmedia.nl\/specialisaties\/?s={search_term_string}"},"query-input":{"@type":"PropertyValueSpecification","valueRequired":true,"valueName":"search_term_string"}}],"inLanguage":"nl-NL"},{"@type":"Person","@id":"https:\/\/svjmedia.nl\/specialisaties\/#\/schema\/person\/c1399471997d6269d85189c76621fc4a","name":"Laurens Kubinek","image":{"@type":"ImageObject","inLanguage":"nl-NL","@id":"https:\/\/secure.gravatar.com\/avatar\/a59158dca02ff095dc5848e4e5ea248fed5166f2bf3a0d1f852708d687340cfa?s=96&d=mm&r=g","url":"https:\/\/secure.gravatar.com\/avatar\/a59158dca02ff095dc5848e4e5ea248fed5166f2bf3a0d1f852708d687340cfa?s=96&d=mm&r=g","contentUrl":"https:\/\/secure.gravatar.com\/avatar\/a59158dca02ff095dc5848e4e5ea248fed5166f2bf3a0d1f852708d687340cfa?s=96&d=mm&r=g","caption":"Laurens Kubinek"},"url":"https:\/\/svjmedia.nl\/specialisaties\/author\/laurens-kubinek\/"}]}},"_links":{"self":[{"href":"https:\/\/svjmedia.nl\/specialisaties\/wp-json\/wp\/v2\/posts\/10411","targetHints":{"allow":["GET"]}}],"collection":[{"href":"https:\/\/svjmedia.nl\/specialisaties\/wp-json\/wp\/v2\/posts"}],"about":[{"href":"https:\/\/svjmedia.nl\/specialisaties\/wp-json\/wp\/v2\/types\/post"}],"author":[{"embeddable":true,"href":"https:\/\/svjmedia.nl\/specialisaties\/wp-json\/wp\/v2\/users\/1093"}],"replies":[{"embeddable":true,"href":"https:\/\/svjmedia.nl\/specialisaties\/wp-json\/wp\/v2\/comments?post=10411"}],"version-history":[{"count":0,"href":"https:\/\/svjmedia.nl\/specialisaties\/wp-json\/wp\/v2\/posts\/10411\/revisions"}],"wp:featuredmedia":[{"embeddable":true,"href":"https:\/\/svjmedia.nl\/specialisaties\/wp-json\/wp\/v2\/media\/10432"}],"wp:attachment":[{"href":"https:\/\/svjmedia.nl\/specialisaties\/wp-json\/wp\/v2\/media?parent=10411"}],"wp:term":[{"taxonomy":"category","embeddable":true,"href":"https:\/\/svjmedia.nl\/specialisaties\/wp-json\/wp\/v2\/categories?post=10411"},{"taxonomy":"post_tag","embeddable":true,"href":"https:\/\/svjmedia.nl\/specialisaties\/wp-json\/wp\/v2\/tags?post=10411"}],"curies":[{"name":"wp","href":"https:\/\/api.w.org\/{rel}","templated":true}]}}