{"id":19748,"date":"2025-06-13T02:00:55","date_gmt":"2025-06-13T00:00:55","guid":{"rendered":"https:\/\/svjmedia.nl\/specialisaties\/?p=19748"},"modified":"2025-06-13T14:47:32","modified_gmt":"2025-06-13T12:47:32","slug":"onderweg-zonder-kaart","status":"publish","type":"post","link":"https:\/\/svjmedia.nl\/specialisaties\/19748\/onderweg-zonder-kaart\/","title":{"rendered":"Onderweg zonder kaart"},"content":{"rendered":"<p><strong>Het nieuws over het uiteenvallen van de PKK* brengt me terug naar de gangen van mijn middelbare school. Niet vanwege geopolitiek, maar door de herinnering aan die ene vraag: \u201cWat is Koerdistan? Bestaat dat eigenlijk wel?\u201d Soms volgde er een grap over bazooka\u2019s en dat Koerden helemaal niet bestaan. Ze waren niet gemeen bedoeld, maar ze raakten iets wat ik zelf nauwelijks begreep. Ik denk vaak aan kinderen van migrantenouders. Vooral als het land van hun ouders in het nieuws is. Alsof je er iets over moet kunnen zeggen, terwijl je het zelf nog aan het uitzoeken bent.<\/strong><\/p>\n<p><em>*De PKK, opgericht in 1978, kondigde onlangs aan de gewapende strijd grotendeels te staken en zichzelf deels te ontbinden. De organisatie wil zich verder richten op een geweldloze en democratische koers.<\/em><\/p>\n<p><span style=\"font-weight: 400\">Naarmate ik ouder werd, raakte ik steeds nieuwsgieriger naar de plek waar mijn ouders vandaan kwamen. Ik begon vragen te stellen, en de herinneringen die dan werden opgehaald, waren niet altijd vrolijk. Vaak begonnen die gesprekken luchtig, maar al snel dwaalden ze af naar verhalen over vluchten, angst, verdriet en oorlog. Soms werd er gehuild, en ik voelde de spanning in de kamer. Het raakte me zo dat ik soms probeerde het gesprek terug te sturen naar iets lichters. Het verdriet in de ogen van mijn ouders vond ik moeilijk om te zien.<\/span><\/p>\n<p><span style=\"font-weight: 400\">Tijdens de covid-periode herinner ik me dat ik mijn frustratie uitsprak over het opgesloten zitten. Dan kreeg ik opmerkingen als: \u201cWees blij, je hebt tenminste een dak boven je hoofd. Toen ik op school zat, viel er een bom op het schoolplein. Tien kinderen waren dood.\u201d Op zo\u2019n moment dacht ik: ok\u00e9, ik snap het, ik heb het inderdaad heel goed vergeleken met wat jullie hebben meegemaakt. Maar mag ik me dan niet ook gewoon even rot voelen? Zulke opmerkingen zorgde voor schuldgevoel en dat heeft lang aan me geknaagd. Inmiddels zie ik dat mijn ouders verleden in combinatie met mijn eigen heden onderdeel zijn geworden van de zoektocht naar wie ik ben. En ik besef des te meer hoe gelukkig ik ben met mijn leven.<\/span><\/p>\n<p><span style=\"font-weight: 400\">Ik ben mijn ouders ontzettend dankbaar. Zij hebben mij opgevoed in een land dat ze voor hun komst in de jaren 90 niet eens konden aanwijzen op de kaart. Ze hadden geen idee hoe systemen hier werkten, ze waren de taal niet machtig en ze moesten het in het begin doen met weinig geld. Ondanks alles hebben ze mij de beste jeugd gegeven die ik me kan voorstellen. <\/span><\/p>\n<p><span style=\"font-weight: 400\">Tegelijkertijd maakt het me nieuwsgierig: hoe gaan andere jonge Koerden om met diezelfde vragen, diezelfde spanning tussen dankbaarheid, schuldgevoel en het zoeken naar je plek?<\/span><span style=\"font-weight: 400\"><br \/>\n<\/span><span style=\"font-weight: 400\">Om daarachter te komen, sprak ik met Zara Arif uit Amsterdam en Deelan Baziany uit Saskatoon, Canada. Geen van ons is een blauwdruk voor de diaspora, maar in onze twijfels, keuzes en herinneringen klinken misschien wel herkenbaarheden die jongeren met een migratieachtergrond kunnen herkennen.<\/span><\/p>\n<p><strong>Spons<br \/>\n<\/strong><span style=\"font-weight: 400\">Op school zei Zara dat ze uit Irak kwam. Niet uit schaamte, maar omdat ze niet beter wist. \u201cPas toen familie zei: \u2018Zeg gewoon dat je Koerdisch bent\u2019, begon ik dat te doen.\u201d Zelf vermeed ik het ook vaak bewust als kind, zeker bij de Turkse kapper. Deelan, opgegroeid in Canada, vertelde dat zijn zus zich ooit voorstelde als Armeens. \u201cWant dat is tenminste te plaatsen, en de Kardashians zijn het ook.\u201d Hij was de enige Koerd op school. \u201cOmdat het eindigde op -stan, werd ik gewoon \u2018de bruine jongen\u2019. Er werden bomgrappen gemaakt. Osama-grapjes. Niet met haat, maar het liet sporen na.\u201d<\/span><\/p>\n<p><span style=\"font-weight: 400\">Op het Koerdisch Filmfestival zag Zara een documentaire over Halabja. Ze hield haar handen voor haar ogen tijdens het laatste halfuur van de film. \u201cIk kreeg buikpijn omdat ik het zo zielig vond. Direct na de film werd er een groot feest gegeven. Iedereen ging dansen. Verdriet \u00e9n veerkracht in dezelfde ruimte, dat is \u00f3\u00f3k Koerdisch zijn.\u201d Ze vertelde ook hoe nieuws over Palestina of Syri\u00eb haar fysiek kan raken. \u201cIk ben een spons. Als mijn ouders iets vertellen over vroeger, voel ik dat in mijn lichaam. Ik zuig helemaal dat gevoel op als een spons\u201d Deelan vertelde dat zijn vader ooit tussen neus en lippen door zei dat hij een bombardement overleefde. Zijn moeder ging in therapie, zijn vader niet. \u201cIk heb veel last van schuldgevoel als ik bedenk wat mijn ouders hebben meegemaakt.\u201d<\/span><\/p>\n<p><strong>Intergenerationeel trauma en het belang van verhalen<br \/>\n<\/strong><span style=\"font-weight: 400\">Dr. Bareez Majid, onderzoeker aan de Universiteit Leiden gespecialiseerd in trauma in de Koerdische context, benadrukt dat het niet alleen de directe ervaringen van geweld en verlies zijn die hun sporen nalaten, maar juist ook het zwijgen binnen families. Dat zwijgen is vaak geen bewuste keuze, maar een manier om met pijnlijke herinneringen om te gaan, en tegelijk een bron van verwarring voor de volgende generatie. Veel Koerdische jongeren groeien op met verhalen die slechts half worden verteld, met emoties die voelbaar zijn maar zelden benoemd. Volgens Majid werkt deze stilte als een onzichtbare draad door het leven van kinderen en kleinkinderen, waardoor verdriet, angst of schaamte soms zonder woorden wordt doorgegeven.<\/span><\/p>\n<p><span style=\"font-weight: 400\">Dit gebrek aan openheid wordt nog versterkt doordat Koerden in Europa vaak nauwelijks terug te vinden zijn in offici\u00eble archieven of publieke verhalen. Hun geschiedenis blijft op de achtergrond, niet alleen in de samenleving, maar ook binnen families. Majid ziet hierin een dubbele onzichtbaarheid: enerzijds het zwijgen thuis, anderzijds het ontbreken van een plek in het grotere verhaal van Europa. Juist daarom pleit ze voor een \u2018critical archive\u2019, een plek waar verhalen niet alleen worden bewaard, maar ook gedeeld en ingezet om generaties te verbinden en herstel mogelijk te maken.<\/span><\/p>\n<p><span style=\"font-weight: 400\">Majid onderscheidt in haar werk twee vormen van trauma-overdracht. De eerste noemt ze apostrofisch trauma: herinneringen die als het ware \u2018spreken\u2019 vanuit het verleden, zelfs als je ze niet zelf hebt meegemaakt. De tweede is phantomisch trauma: pijn die niet wordt uitgesproken, maar als een schaduw blijft hangen in het dagelijks leven. Voor deze begrippen baseert Majid zich op het werk van Marianne Hirsch, die het idee van \u2018postmemory\u2019 ontwikkelde: herinneringen die via verhalen, stiltes en emoties aan volgende generaties worden doorgegeven. \u201cTrauma is niet lineair,\u201d zegt Majid. \u201cHet komt terug, via een geur, een nieuwsbericht, een film. Het is iets wat zich blijft verplaatsen, soms onzichtbaar, maar altijd aanwezig.\u201d<\/span><\/p>\n<p><span style=\"font-weight: 400\"><strong>Bekijk hier de korte explainer-video over intergenerationeel trauma <\/strong><\/span><\/p>\n<p><span data-olk-copy-source=\"MessageBody\"><div class=\"humamvideo\" style=\"position:relative;overflow:hidden;width:100%;padding-top: 56.25%;margin:20px 0px;\"><iframe style=\"position:absolute;top:0;left:0;bottom:0;right:0;width:100%;height:100%;\" src=\"https:\/\/stream.hu.nl\/players\/mMYGWfRg-Kv4Phafj.html\" frameborder=\"0\" allow=\"accelerometer; autoplay; clipboard-write; encrypted-media; gyroscope; picture-in-picture\" allowfullscreen><\/iframe><\/div><\/span><\/p>\n<p><span style=\"font-weight: 400\">Vorig jaar besloot ik zelf die zoektocht tastbaar te maken door af te reizen naar Koerdistan. Niet om antwoorden te vinden, maar om te zien, te luisteren en vast te leggen wat het betekent om ergens vandaan te komen dat voor velen alleen op de kaart bestaat als een idee. Met mijn camera probeerde ik het dagelijks leven te vangen: gewone momenten, gezichten, landschappen en details die laten zien dat identiteit ook bestaat uit het alledaagse. Om ook de lezer een beeld te geven van het land van mijn ouders, maakte ik een kleine fotoserie.<\/span><\/p>\n<p>Hier kom ik ook vandaan.<\/p>\n[aesop_gallery id=&#8221;19768&#8243;]\n<p><span style=\"font-weight: 400\">Wat deze verhalen laten zien, is dat Koerdische identiteit geen vlag is. Geen paspoort. Geen lijn op een kaart. Het is een proces. Een zoeken tussen herinnering en toekomst. We zijn geen representanten van een hele diaspora. We zijn kinderen van ouders die vluchtten, van landen zonder staten, van talen zonder erkenning. Wat ons verbindt, is misschien juist dat we voortdurend onderweg zijn. Zoals diaspora-theoreticus Stuart Hall schrijft: identiteit is nooit af, maar altijd in beweging.<\/span><\/p>\n<p><span style=\"font-weight: 400\">En misschien is dat het: blijven bewegen, blijven zoeken, zelfs als je niet weet waarheen. Want ergens onderweg ontstaat betekenis.<\/span><\/p>\n","protected":false},"excerpt":{"rendered":"<p>Het nieuws over het uiteenvallen van de PKK* brengt me terug naar de gangen van mijn middelbare school. Niet vanwege geopolitiek, maar door de herinnering aan die ene vraag: \u201cWat is Koerdistan? Bestaat dat eigenlijk wel?\u201d Soms volgde er een grap over bazooka\u2019s en dat Koerden helemaal niet bestaan. Ze waren niet gemeen bedoeld, maar [&hellip;]<\/p>\n","protected":false},"author":312,"featured_media":19764,"comment_status":"closed","ping_status":"closed","sticky":false,"template":"","format":"standard","meta":{"_acf_changed":false,"_et_pb_use_builder":"","_et_pb_old_content":"","_et_gb_content_width":"","footnotes":""},"categories":[4],"tags":[],"class_list":["post-19748","post","type-post","status-publish","format-standard","has-post-thumbnail","hentry","category-cbj","et-has-post-format-content","et_post_format-et-post-format-standard"],"acf":[],"yoast_head":"<!-- This site is optimized with the Yoast SEO plugin v27.5 - https:\/\/yoast.com\/product\/yoast-seo-wordpress\/ -->\n<title>Onderweg zonder kaart - SVJ Specialisaties<\/title>\n<meta name=\"robots\" content=\"noindex, follow, max-snippet:-1, max-image-preview:large, max-video-preview:-1\" \/>\n<meta property=\"og:locale\" content=\"nl_NL\" \/>\n<meta property=\"og:type\" content=\"article\" \/>\n<meta property=\"og:title\" content=\"Onderweg zonder kaart - SVJ Specialisaties\" \/>\n<meta property=\"og:description\" content=\"Het nieuws over het uiteenvallen van de PKK* brengt me terug naar de gangen van mijn middelbare school. Niet vanwege geopolitiek, maar door de herinnering aan die ene vraag: \u201cWat is Koerdistan? Bestaat dat eigenlijk wel?\u201d Soms volgde er een grap over bazooka\u2019s en dat Koerden helemaal niet bestaan. Ze waren niet gemeen bedoeld, maar [&hellip;]\" \/>\n<meta property=\"og:url\" content=\"https:\/\/svjmedia.nl\/specialisaties\/19748\/onderweg-zonder-kaart\/\" \/>\n<meta property=\"og:site_name\" content=\"SVJ Specialisaties\" \/>\n<meta property=\"article:published_time\" content=\"2025-06-13T00:00:55+00:00\" \/>\n<meta property=\"article:modified_time\" content=\"2025-06-13T12:47:32+00:00\" \/>\n<meta property=\"og:image\" content=\"https:\/\/svjmedia.nl\/specialisaties\/wp-content\/uploads\/sites\/735\/2025\/06\/IMG_9859-scaled.jpg\" \/>\n\t<meta property=\"og:image:width\" content=\"2560\" \/>\n\t<meta property=\"og:image:height\" content=\"1707\" \/>\n\t<meta property=\"og:image:type\" content=\"image\/jpeg\" \/>\n<meta name=\"author\" content=\"Yaad Amin\" \/>\n<meta name=\"twitter:card\" content=\"summary_large_image\" \/>\n<meta name=\"twitter:label1\" content=\"Geschreven door\" \/>\n\t<meta name=\"twitter:data1\" content=\"Yaad Amin\" \/>\n\t<meta name=\"twitter:label2\" content=\"Geschatte leestijd\" \/>\n\t<meta name=\"twitter:data2\" content=\"6 minuten\" \/>\n<script type=\"application\/ld+json\" class=\"yoast-schema-graph\">{\"@context\":\"https:\\\/\\\/schema.org\",\"@graph\":[{\"@type\":\"Article\",\"@id\":\"https:\\\/\\\/svjmedia.nl\\\/specialisaties\\\/19748\\\/onderweg-zonder-kaart\\\/#article\",\"isPartOf\":{\"@id\":\"https:\\\/\\\/svjmedia.nl\\\/specialisaties\\\/19748\\\/onderweg-zonder-kaart\\\/\"},\"author\":{\"name\":\"Yaad Amin\",\"@id\":\"https:\\\/\\\/svjmedia.nl\\\/specialisaties\\\/#\\\/schema\\\/person\\\/b757af1a5b42fff35af647b8c21b3afd\"},\"headline\":\"Onderweg zonder kaart\",\"datePublished\":\"2025-06-13T00:00:55+00:00\",\"dateModified\":\"2025-06-13T12:47:32+00:00\",\"mainEntityOfPage\":{\"@id\":\"https:\\\/\\\/svjmedia.nl\\\/specialisaties\\\/19748\\\/onderweg-zonder-kaart\\\/\"},\"wordCount\":1259,\"image\":{\"@id\":\"https:\\\/\\\/svjmedia.nl\\\/specialisaties\\\/19748\\\/onderweg-zonder-kaart\\\/#primaryimage\"},\"thumbnailUrl\":\"https:\\\/\\\/svjmedia.nl\\\/specialisaties\\\/wp-content\\\/uploads\\\/sites\\\/735\\\/2025\\\/06\\\/IMG_9859-scaled.jpg\",\"articleSection\":[\"Cross-Border Journalism\"],\"inLanguage\":\"nl-NL\"},{\"@type\":\"WebPage\",\"@id\":\"https:\\\/\\\/svjmedia.nl\\\/specialisaties\\\/19748\\\/onderweg-zonder-kaart\\\/\",\"url\":\"https:\\\/\\\/svjmedia.nl\\\/specialisaties\\\/19748\\\/onderweg-zonder-kaart\\\/\",\"name\":\"Onderweg zonder kaart - SVJ Specialisaties\",\"isPartOf\":{\"@id\":\"https:\\\/\\\/svjmedia.nl\\\/specialisaties\\\/#website\"},\"primaryImageOfPage\":{\"@id\":\"https:\\\/\\\/svjmedia.nl\\\/specialisaties\\\/19748\\\/onderweg-zonder-kaart\\\/#primaryimage\"},\"image\":{\"@id\":\"https:\\\/\\\/svjmedia.nl\\\/specialisaties\\\/19748\\\/onderweg-zonder-kaart\\\/#primaryimage\"},\"thumbnailUrl\":\"https:\\\/\\\/svjmedia.nl\\\/specialisaties\\\/wp-content\\\/uploads\\\/sites\\\/735\\\/2025\\\/06\\\/IMG_9859-scaled.jpg\",\"datePublished\":\"2025-06-13T00:00:55+00:00\",\"dateModified\":\"2025-06-13T12:47:32+00:00\",\"author\":{\"@id\":\"https:\\\/\\\/svjmedia.nl\\\/specialisaties\\\/#\\\/schema\\\/person\\\/b757af1a5b42fff35af647b8c21b3afd\"},\"breadcrumb\":{\"@id\":\"https:\\\/\\\/svjmedia.nl\\\/specialisaties\\\/19748\\\/onderweg-zonder-kaart\\\/#breadcrumb\"},\"inLanguage\":\"nl-NL\",\"potentialAction\":[{\"@type\":\"ReadAction\",\"target\":[\"https:\\\/\\\/svjmedia.nl\\\/specialisaties\\\/19748\\\/onderweg-zonder-kaart\\\/\"]}]},{\"@type\":\"ImageObject\",\"inLanguage\":\"nl-NL\",\"@id\":\"https:\\\/\\\/svjmedia.nl\\\/specialisaties\\\/19748\\\/onderweg-zonder-kaart\\\/#primaryimage\",\"url\":\"https:\\\/\\\/svjmedia.nl\\\/specialisaties\\\/wp-content\\\/uploads\\\/sites\\\/735\\\/2025\\\/06\\\/IMG_9859-scaled.jpg\",\"contentUrl\":\"https:\\\/\\\/svjmedia.nl\\\/specialisaties\\\/wp-content\\\/uploads\\\/sites\\\/735\\\/2025\\\/06\\\/IMG_9859-scaled.jpg\",\"width\":2560,\"height\":1707,\"caption\":\"Twee mannen lopen over omgeploegde grond, met in de verte de zachte contouren van het Koerdische gebergte. Het lijkt mistig maar dat is de stof die in de lucht hangt.\"},{\"@type\":\"BreadcrumbList\",\"@id\":\"https:\\\/\\\/svjmedia.nl\\\/specialisaties\\\/19748\\\/onderweg-zonder-kaart\\\/#breadcrumb\",\"itemListElement\":[{\"@type\":\"ListItem\",\"position\":1,\"name\":\"Home\",\"item\":\"https:\\\/\\\/svjmedia.nl\\\/specialisaties\\\/\"},{\"@type\":\"ListItem\",\"position\":2,\"name\":\"Onderweg zonder kaart\"}]},{\"@type\":\"WebSite\",\"@id\":\"https:\\\/\\\/svjmedia.nl\\\/specialisaties\\\/#website\",\"url\":\"https:\\\/\\\/svjmedia.nl\\\/specialisaties\\\/\",\"name\":\"SVJ Specialisaties\",\"description\":\"HU School voor Journalistiek Regiosite\",\"potentialAction\":[{\"@type\":\"SearchAction\",\"target\":{\"@type\":\"EntryPoint\",\"urlTemplate\":\"https:\\\/\\\/svjmedia.nl\\\/specialisaties\\\/?s={search_term_string}\"},\"query-input\":{\"@type\":\"PropertyValueSpecification\",\"valueRequired\":true,\"valueName\":\"search_term_string\"}}],\"inLanguage\":\"nl-NL\"},{\"@type\":\"Person\",\"@id\":\"https:\\\/\\\/svjmedia.nl\\\/specialisaties\\\/#\\\/schema\\\/person\\\/b757af1a5b42fff35af647b8c21b3afd\",\"name\":\"Yaad Amin\",\"image\":{\"@type\":\"ImageObject\",\"inLanguage\":\"nl-NL\",\"@id\":\"https:\\\/\\\/secure.gravatar.com\\\/avatar\\\/6ab7e77f401fe9f146e2da7b097c4e19ac2986c4557cde881faf206682cf9ef2?s=96&d=mm&r=g\",\"url\":\"https:\\\/\\\/secure.gravatar.com\\\/avatar\\\/6ab7e77f401fe9f146e2da7b097c4e19ac2986c4557cde881faf206682cf9ef2?s=96&d=mm&r=g\",\"contentUrl\":\"https:\\\/\\\/secure.gravatar.com\\\/avatar\\\/6ab7e77f401fe9f146e2da7b097c4e19ac2986c4557cde881faf206682cf9ef2?s=96&d=mm&r=g\",\"caption\":\"Yaad Amin\"},\"url\":\"https:\\\/\\\/svjmedia.nl\\\/specialisaties\\\/author\\\/yaad-amin\\\/\"}]}<\/script>\n<!-- \/ Yoast SEO plugin. -->","yoast_head_json":{"title":"Onderweg zonder kaart - SVJ Specialisaties","robots":{"index":"noindex","follow":"follow","max-snippet":"max-snippet:-1","max-image-preview":"max-image-preview:large","max-video-preview":"max-video-preview:-1"},"og_locale":"nl_NL","og_type":"article","og_title":"Onderweg zonder kaart - SVJ Specialisaties","og_description":"Het nieuws over het uiteenvallen van de PKK* brengt me terug naar de gangen van mijn middelbare school. Niet vanwege geopolitiek, maar door de herinnering aan die ene vraag: \u201cWat is Koerdistan? Bestaat dat eigenlijk wel?\u201d Soms volgde er een grap over bazooka\u2019s en dat Koerden helemaal niet bestaan. Ze waren niet gemeen bedoeld, maar [&hellip;]","og_url":"https:\/\/svjmedia.nl\/specialisaties\/19748\/onderweg-zonder-kaart\/","og_site_name":"SVJ Specialisaties","article_published_time":"2025-06-13T00:00:55+00:00","article_modified_time":"2025-06-13T12:47:32+00:00","og_image":[{"width":2560,"height":1707,"url":"https:\/\/svjmedia.nl\/specialisaties\/wp-content\/uploads\/sites\/735\/2025\/06\/IMG_9859-scaled.jpg","type":"image\/jpeg"}],"author":"Yaad Amin","twitter_card":"summary_large_image","twitter_misc":{"Geschreven door":"Yaad Amin","Geschatte leestijd":"6 minuten"},"schema":{"@context":"https:\/\/schema.org","@graph":[{"@type":"Article","@id":"https:\/\/svjmedia.nl\/specialisaties\/19748\/onderweg-zonder-kaart\/#article","isPartOf":{"@id":"https:\/\/svjmedia.nl\/specialisaties\/19748\/onderweg-zonder-kaart\/"},"author":{"name":"Yaad Amin","@id":"https:\/\/svjmedia.nl\/specialisaties\/#\/schema\/person\/b757af1a5b42fff35af647b8c21b3afd"},"headline":"Onderweg zonder kaart","datePublished":"2025-06-13T00:00:55+00:00","dateModified":"2025-06-13T12:47:32+00:00","mainEntityOfPage":{"@id":"https:\/\/svjmedia.nl\/specialisaties\/19748\/onderweg-zonder-kaart\/"},"wordCount":1259,"image":{"@id":"https:\/\/svjmedia.nl\/specialisaties\/19748\/onderweg-zonder-kaart\/#primaryimage"},"thumbnailUrl":"https:\/\/svjmedia.nl\/specialisaties\/wp-content\/uploads\/sites\/735\/2025\/06\/IMG_9859-scaled.jpg","articleSection":["Cross-Border Journalism"],"inLanguage":"nl-NL"},{"@type":"WebPage","@id":"https:\/\/svjmedia.nl\/specialisaties\/19748\/onderweg-zonder-kaart\/","url":"https:\/\/svjmedia.nl\/specialisaties\/19748\/onderweg-zonder-kaart\/","name":"Onderweg zonder kaart - SVJ Specialisaties","isPartOf":{"@id":"https:\/\/svjmedia.nl\/specialisaties\/#website"},"primaryImageOfPage":{"@id":"https:\/\/svjmedia.nl\/specialisaties\/19748\/onderweg-zonder-kaart\/#primaryimage"},"image":{"@id":"https:\/\/svjmedia.nl\/specialisaties\/19748\/onderweg-zonder-kaart\/#primaryimage"},"thumbnailUrl":"https:\/\/svjmedia.nl\/specialisaties\/wp-content\/uploads\/sites\/735\/2025\/06\/IMG_9859-scaled.jpg","datePublished":"2025-06-13T00:00:55+00:00","dateModified":"2025-06-13T12:47:32+00:00","author":{"@id":"https:\/\/svjmedia.nl\/specialisaties\/#\/schema\/person\/b757af1a5b42fff35af647b8c21b3afd"},"breadcrumb":{"@id":"https:\/\/svjmedia.nl\/specialisaties\/19748\/onderweg-zonder-kaart\/#breadcrumb"},"inLanguage":"nl-NL","potentialAction":[{"@type":"ReadAction","target":["https:\/\/svjmedia.nl\/specialisaties\/19748\/onderweg-zonder-kaart\/"]}]},{"@type":"ImageObject","inLanguage":"nl-NL","@id":"https:\/\/svjmedia.nl\/specialisaties\/19748\/onderweg-zonder-kaart\/#primaryimage","url":"https:\/\/svjmedia.nl\/specialisaties\/wp-content\/uploads\/sites\/735\/2025\/06\/IMG_9859-scaled.jpg","contentUrl":"https:\/\/svjmedia.nl\/specialisaties\/wp-content\/uploads\/sites\/735\/2025\/06\/IMG_9859-scaled.jpg","width":2560,"height":1707,"caption":"Twee mannen lopen over omgeploegde grond, met in de verte de zachte contouren van het Koerdische gebergte. Het lijkt mistig maar dat is de stof die in de lucht hangt."},{"@type":"BreadcrumbList","@id":"https:\/\/svjmedia.nl\/specialisaties\/19748\/onderweg-zonder-kaart\/#breadcrumb","itemListElement":[{"@type":"ListItem","position":1,"name":"Home","item":"https:\/\/svjmedia.nl\/specialisaties\/"},{"@type":"ListItem","position":2,"name":"Onderweg zonder kaart"}]},{"@type":"WebSite","@id":"https:\/\/svjmedia.nl\/specialisaties\/#website","url":"https:\/\/svjmedia.nl\/specialisaties\/","name":"SVJ Specialisaties","description":"HU School voor Journalistiek Regiosite","potentialAction":[{"@type":"SearchAction","target":{"@type":"EntryPoint","urlTemplate":"https:\/\/svjmedia.nl\/specialisaties\/?s={search_term_string}"},"query-input":{"@type":"PropertyValueSpecification","valueRequired":true,"valueName":"search_term_string"}}],"inLanguage":"nl-NL"},{"@type":"Person","@id":"https:\/\/svjmedia.nl\/specialisaties\/#\/schema\/person\/b757af1a5b42fff35af647b8c21b3afd","name":"Yaad Amin","image":{"@type":"ImageObject","inLanguage":"nl-NL","@id":"https:\/\/secure.gravatar.com\/avatar\/6ab7e77f401fe9f146e2da7b097c4e19ac2986c4557cde881faf206682cf9ef2?s=96&d=mm&r=g","url":"https:\/\/secure.gravatar.com\/avatar\/6ab7e77f401fe9f146e2da7b097c4e19ac2986c4557cde881faf206682cf9ef2?s=96&d=mm&r=g","contentUrl":"https:\/\/secure.gravatar.com\/avatar\/6ab7e77f401fe9f146e2da7b097c4e19ac2986c4557cde881faf206682cf9ef2?s=96&d=mm&r=g","caption":"Yaad Amin"},"url":"https:\/\/svjmedia.nl\/specialisaties\/author\/yaad-amin\/"}]}},"_links":{"self":[{"href":"https:\/\/svjmedia.nl\/specialisaties\/wp-json\/wp\/v2\/posts\/19748","targetHints":{"allow":["GET"]}}],"collection":[{"href":"https:\/\/svjmedia.nl\/specialisaties\/wp-json\/wp\/v2\/posts"}],"about":[{"href":"https:\/\/svjmedia.nl\/specialisaties\/wp-json\/wp\/v2\/types\/post"}],"author":[{"embeddable":true,"href":"https:\/\/svjmedia.nl\/specialisaties\/wp-json\/wp\/v2\/users\/312"}],"replies":[{"embeddable":true,"href":"https:\/\/svjmedia.nl\/specialisaties\/wp-json\/wp\/v2\/comments?post=19748"}],"version-history":[{"count":0,"href":"https:\/\/svjmedia.nl\/specialisaties\/wp-json\/wp\/v2\/posts\/19748\/revisions"}],"wp:featuredmedia":[{"embeddable":true,"href":"https:\/\/svjmedia.nl\/specialisaties\/wp-json\/wp\/v2\/media\/19764"}],"wp:attachment":[{"href":"https:\/\/svjmedia.nl\/specialisaties\/wp-json\/wp\/v2\/media?parent=19748"}],"wp:term":[{"taxonomy":"category","embeddable":true,"href":"https:\/\/svjmedia.nl\/specialisaties\/wp-json\/wp\/v2\/categories?post=19748"},{"taxonomy":"post_tag","embeddable":true,"href":"https:\/\/svjmedia.nl\/specialisaties\/wp-json\/wp\/v2\/tags?post=19748"}],"curies":[{"name":"wp","href":"https:\/\/api.w.org\/{rel}","templated":true}]}}