{"id":1098,"date":"2025-11-06T14:43:16","date_gmt":"2025-11-06T13:43:16","guid":{"rendered":"https:\/\/svjmedia.nl\/spotlight\/?p=1098"},"modified":"2025-11-06T14:44:53","modified_gmt":"2025-11-06T13:44:53","slug":"een-op-de-vijf-studenten-ervaart-belemmeringen-in-hun-studie","status":"publish","type":"post","link":"https:\/\/svjmedia.nl\/spotlight\/1098\/een-op-de-vijf-studenten-ervaart-belemmeringen-in-hun-studie\/","title":{"rendered":"E\u00e9n op de vijf studenten ervaart belemmeringen in hun studie"},"content":{"rendered":"<p><strong>E\u00e9n op de vijf studenten ervaart belemmeringen in hun studie. Dat blijkt uit de resultaten van de Nationale Studenten Enqu\u00eate 2025 (NSE). Het Expertisecentrum Inclusief Onderwijs (ECIO) meldt in <a href=\"https:\/\/publicaties.ecio.nl\/jaarrapport-2025-studeren-met-een-ondersteuningsbehoefte\/analyse-nse\">hun rapport<\/a>, dat aan de hand van de resultaten van NSE 2025 is gemaakt, dat ook slechts 65% van de studenten die een belemmering ervaart met hun probleem naar hun opleiding stapt.<\/strong><\/p>\n<p>De enqu\u00eate is door ongeveer 260.000 studenten ingevuld. Hierin werd ook door de studenten aangegeven waar zij tijdens hun studie het meest last van hadden. Op het hbo gaven studenten aan voornamelijk last te hebben van stress en concentratieproblemen. Dit gelde ook voor studenten aan het wo.<\/p>\n<p>Daarnaast studeert een deel van de studenten onder bijzondere omstandigheden. De meest genoemde bijzondere omstandigheden bij het hbo waren ADHD, dyslexie en familieomstandigheden. Bij het wo ging het vooral om ADHD, familieomstandigheden en psychische aandoeningen.<\/p>\n<p>Verder blijkt uit de resultaten van het enqu\u00eate dat een groot deel van de studenten hun problemen niet meldt, omdat ze het gevoel hebben dat ze geen extra ondersteuning nodig hebben. Een andere reden waarom studenten hun problemen niet melden is, omdat ze niet weten welke ondersteuning de onderwijs instelling kan bieden. Een klein groep van de studenten verwacht dat de onderwijsinstelling vooroordelen heeft en discrimineert als ze de belemmeringen die ze ervaren zouden melden.<\/p>\n<div class=\"humamvideo\" style=\"position:relative;overflow:hidden;width:100%;padding-top: 56.25%;margin:20px 0px;\"><iframe style=\"position:absolute;top:0;left:0;bottom:0;right:0;width:100%;height:100%;\" src=\"https:\/\/stream.hu.nl\/players\/fRrCnxC1-Kv4Phafj.html\" frameborder=\"0\" allow=\"accelerometer; autoplay; clipboard-write; encrypted-media; gyroscope; picture-in-picture\" allowfullscreen><\/iframe><\/div>\n","protected":false},"excerpt":{"rendered":"<p>E\u00e9n op de vijf studenten ervaart belemmeringen in hun studie. Dat blijkt uit de resultaten van de Nationale Studenten Enqu\u00eate 2025 (NSE).<\/p>\n","protected":false},"author":3539,"featured_media":1099,"comment_status":"closed","ping_status":"closed","sticky":false,"template":"","format":"standard","meta":{"_acf_changed":false,"_et_pb_use_builder":"","_et_pb_old_content":"","_et_gb_content_width":"","footnotes":""},"categories":[1],"tags":[],"class_list":["post-1098","post","type-post","status-publish","format-standard","has-post-thumbnail","hentry","category-binnenland","et-has-post-format-content","et_post_format-et-post-format-standard"],"acf":[],"yoast_head":"<!-- This site is optimized with the Yoast SEO plugin v27.5 - https:\/\/yoast.com\/product\/yoast-seo-wordpress\/ -->\n<title>E\u00e9n op de vijf studenten ervaart belemmeringen in hun studie - Spotlight<\/title>\n<meta name=\"robots\" content=\"noindex, follow, max-snippet:-1, max-image-preview:large, max-video-preview:-1\" \/>\n<meta property=\"og:locale\" content=\"nl_NL\" \/>\n<meta property=\"og:type\" content=\"article\" \/>\n<meta property=\"og:title\" content=\"E\u00e9n op de vijf studenten ervaart belemmeringen in hun studie - Spotlight\" \/>\n<meta property=\"og:description\" content=\"E\u00e9n op de vijf studenten ervaart belemmeringen in hun studie. Dat blijkt uit de resultaten van de Nationale Studenten Enqu\u00eate 2025 (NSE).\" \/>\n<meta property=\"og:url\" content=\"https:\/\/svjmedia.nl\/spotlight\/1098\/een-op-de-vijf-studenten-ervaart-belemmeringen-in-hun-studie\/\" \/>\n<meta property=\"og:site_name\" content=\"Spotlight\" \/>\n<meta property=\"article:published_time\" content=\"2025-11-06T13:43:16+00:00\" \/>\n<meta property=\"article:modified_time\" content=\"2025-11-06T13:44:53+00:00\" \/>\n<meta property=\"og:image\" content=\"https:\/\/svjmedia.nl\/spotlight\/wp-content\/uploads\/sites\/1806\/2025\/11\/WhatsApp-Image-2025-11-05-at-15.17.35.jpeg\" \/>\n\t<meta property=\"og:image:width\" content=\"2040\" \/>\n\t<meta property=\"og:image:height\" content=\"1530\" \/>\n\t<meta property=\"og:image:type\" content=\"image\/jpeg\" \/>\n<meta name=\"author\" content=\"Jenna van Veen\" \/>\n<meta name=\"twitter:card\" content=\"summary_large_image\" \/>\n<meta name=\"twitter:label1\" content=\"Geschreven door\" \/>\n\t<meta name=\"twitter:data1\" content=\"Jenna van Veen\" \/>\n\t<meta name=\"twitter:label2\" content=\"Geschatte leestijd\" \/>\n\t<meta name=\"twitter:data2\" content=\"1 minuut\" \/>\n<script type=\"application\/ld+json\" class=\"yoast-schema-graph\">{\"@context\":\"https:\\\/\\\/schema.org\",\"@graph\":[{\"@type\":\"Article\",\"@id\":\"https:\\\/\\\/svjmedia.nl\\\/spotlight\\\/1098\\\/een-op-de-vijf-studenten-ervaart-belemmeringen-in-hun-studie\\\/#article\",\"isPartOf\":{\"@id\":\"https:\\\/\\\/svjmedia.nl\\\/spotlight\\\/1098\\\/een-op-de-vijf-studenten-ervaart-belemmeringen-in-hun-studie\\\/\"},\"author\":{\"name\":\"Jenna van Veen\",\"@id\":\"https:\\\/\\\/svjmedia.nl\\\/spotlight\\\/#\\\/schema\\\/person\\\/8a2bacffe7048a956bfc57c4609744bf\"},\"headline\":\"E\u00e9n op de vijf studenten ervaart belemmeringen in hun studie\",\"datePublished\":\"2025-11-06T13:43:16+00:00\",\"dateModified\":\"2025-11-06T13:44:53+00:00\",\"mainEntityOfPage\":{\"@id\":\"https:\\\/\\\/svjmedia.nl\\\/spotlight\\\/1098\\\/een-op-de-vijf-studenten-ervaart-belemmeringen-in-hun-studie\\\/\"},\"wordCount\":234,\"image\":{\"@id\":\"https:\\\/\\\/svjmedia.nl\\\/spotlight\\\/1098\\\/een-op-de-vijf-studenten-ervaart-belemmeringen-in-hun-studie\\\/#primaryimage\"},\"thumbnailUrl\":\"https:\\\/\\\/svjmedia.nl\\\/spotlight\\\/wp-content\\\/uploads\\\/sites\\\/1806\\\/2025\\\/11\\\/WhatsApp-Image-2025-11-05-at-15.17.35.jpeg\",\"articleSection\":[\"Binnenland\"],\"inLanguage\":\"nl-NL\"},{\"@type\":\"WebPage\",\"@id\":\"https:\\\/\\\/svjmedia.nl\\\/spotlight\\\/1098\\\/een-op-de-vijf-studenten-ervaart-belemmeringen-in-hun-studie\\\/\",\"url\":\"https:\\\/\\\/svjmedia.nl\\\/spotlight\\\/1098\\\/een-op-de-vijf-studenten-ervaart-belemmeringen-in-hun-studie\\\/\",\"name\":\"E\u00e9n op de vijf studenten ervaart belemmeringen in hun studie - Spotlight\",\"isPartOf\":{\"@id\":\"https:\\\/\\\/svjmedia.nl\\\/spotlight\\\/#website\"},\"primaryImageOfPage\":{\"@id\":\"https:\\\/\\\/svjmedia.nl\\\/spotlight\\\/1098\\\/een-op-de-vijf-studenten-ervaart-belemmeringen-in-hun-studie\\\/#primaryimage\"},\"image\":{\"@id\":\"https:\\\/\\\/svjmedia.nl\\\/spotlight\\\/1098\\\/een-op-de-vijf-studenten-ervaart-belemmeringen-in-hun-studie\\\/#primaryimage\"},\"thumbnailUrl\":\"https:\\\/\\\/svjmedia.nl\\\/spotlight\\\/wp-content\\\/uploads\\\/sites\\\/1806\\\/2025\\\/11\\\/WhatsApp-Image-2025-11-05-at-15.17.35.jpeg\",\"datePublished\":\"2025-11-06T13:43:16+00:00\",\"dateModified\":\"2025-11-06T13:44:53+00:00\",\"author\":{\"@id\":\"https:\\\/\\\/svjmedia.nl\\\/spotlight\\\/#\\\/schema\\\/person\\\/8a2bacffe7048a956bfc57c4609744bf\"},\"breadcrumb\":{\"@id\":\"https:\\\/\\\/svjmedia.nl\\\/spotlight\\\/1098\\\/een-op-de-vijf-studenten-ervaart-belemmeringen-in-hun-studie\\\/#breadcrumb\"},\"inLanguage\":\"nl-NL\",\"potentialAction\":[{\"@type\":\"ReadAction\",\"target\":[\"https:\\\/\\\/svjmedia.nl\\\/spotlight\\\/1098\\\/een-op-de-vijf-studenten-ervaart-belemmeringen-in-hun-studie\\\/\"]}]},{\"@type\":\"ImageObject\",\"inLanguage\":\"nl-NL\",\"@id\":\"https:\\\/\\\/svjmedia.nl\\\/spotlight\\\/1098\\\/een-op-de-vijf-studenten-ervaart-belemmeringen-in-hun-studie\\\/#primaryimage\",\"url\":\"https:\\\/\\\/svjmedia.nl\\\/spotlight\\\/wp-content\\\/uploads\\\/sites\\\/1806\\\/2025\\\/11\\\/WhatsApp-Image-2025-11-05-at-15.17.35.jpeg\",\"contentUrl\":\"https:\\\/\\\/svjmedia.nl\\\/spotlight\\\/wp-content\\\/uploads\\\/sites\\\/1806\\\/2025\\\/11\\\/WhatsApp-Image-2025-11-05-at-15.17.35.jpeg\",\"width\":2040,\"height\":1530,\"caption\":\"Student Support bij Hogeschool Utrecht Foto: Jenna van Veen\"},{\"@type\":\"BreadcrumbList\",\"@id\":\"https:\\\/\\\/svjmedia.nl\\\/spotlight\\\/1098\\\/een-op-de-vijf-studenten-ervaart-belemmeringen-in-hun-studie\\\/#breadcrumb\",\"itemListElement\":[{\"@type\":\"ListItem\",\"position\":1,\"name\":\"Home\",\"item\":\"https:\\\/\\\/svjmedia.nl\\\/spotlight\\\/\"},{\"@type\":\"ListItem\",\"position\":2,\"name\":\"E\u00e9n op de vijf studenten ervaart belemmeringen in hun studie\"}]},{\"@type\":\"WebSite\",\"@id\":\"https:\\\/\\\/svjmedia.nl\\\/spotlight\\\/#website\",\"url\":\"https:\\\/\\\/svjmedia.nl\\\/spotlight\\\/\",\"name\":\"Spotlight\",\"description\":\"HU School voor Journalistiek Regiosite\",\"potentialAction\":[{\"@type\":\"SearchAction\",\"target\":{\"@type\":\"EntryPoint\",\"urlTemplate\":\"https:\\\/\\\/svjmedia.nl\\\/spotlight\\\/?s={search_term_string}\"},\"query-input\":{\"@type\":\"PropertyValueSpecification\",\"valueRequired\":true,\"valueName\":\"search_term_string\"}}],\"inLanguage\":\"nl-NL\"},{\"@type\":\"Person\",\"@id\":\"https:\\\/\\\/svjmedia.nl\\\/spotlight\\\/#\\\/schema\\\/person\\\/8a2bacffe7048a956bfc57c4609744bf\",\"name\":\"Jenna van Veen\",\"image\":{\"@type\":\"ImageObject\",\"inLanguage\":\"nl-NL\",\"@id\":\"https:\\\/\\\/secure.gravatar.com\\\/avatar\\\/88f350fbd600ecd66e67af0dae5d21a3b20f79ab02d8f700ea3dff3349046fde?s=96&d=mm&r=g\",\"url\":\"https:\\\/\\\/secure.gravatar.com\\\/avatar\\\/88f350fbd600ecd66e67af0dae5d21a3b20f79ab02d8f700ea3dff3349046fde?s=96&d=mm&r=g\",\"contentUrl\":\"https:\\\/\\\/secure.gravatar.com\\\/avatar\\\/88f350fbd600ecd66e67af0dae5d21a3b20f79ab02d8f700ea3dff3349046fde?s=96&d=mm&r=g\",\"caption\":\"Jenna van Veen\"},\"description\":\"Ik ben Jenna van Veen, 24 jaar en eerstejaars student aan de School voor Journalistiek. Sinds het begin van de middelbare school ben ik al ge\u00efnteresseerd in de journalistiek. In 2022 ben ik afgestuurd voor de mbo-opleiding Internationale Marketing, Communicatie en Evenementen. Hierbij heb ik onder andere persbericht mogen schrijven voor verschillende bedrijven. Heeft u tips? Stuur dat dan naar jenna.vanveen@student.hu.nl\",\"sameAs\":[\"https:\\\/\\\/www.instagram.com\\\/v.jenn.v\\\/\",\"https:\\\/\\\/www.linkedin.com\\\/in\\\/jenna-van-veen-a56829222?utm_source=share&utm_campaign=share_via&utm_content=profile&utm_medium=android_app\"],\"url\":\"https:\\\/\\\/svjmedia.nl\\\/spotlight\\\/author\\\/jenna-vanveen\\\/\"}]}<\/script>\n<!-- \/ Yoast SEO plugin. -->","yoast_head_json":{"title":"E\u00e9n op de vijf studenten ervaart belemmeringen in hun studie - Spotlight","robots":{"index":"noindex","follow":"follow","max-snippet":"max-snippet:-1","max-image-preview":"max-image-preview:large","max-video-preview":"max-video-preview:-1"},"og_locale":"nl_NL","og_type":"article","og_title":"E\u00e9n op de vijf studenten ervaart belemmeringen in hun studie - Spotlight","og_description":"E\u00e9n op de vijf studenten ervaart belemmeringen in hun studie. Dat blijkt uit de resultaten van de Nationale Studenten Enqu\u00eate 2025 (NSE).","og_url":"https:\/\/svjmedia.nl\/spotlight\/1098\/een-op-de-vijf-studenten-ervaart-belemmeringen-in-hun-studie\/","og_site_name":"Spotlight","article_published_time":"2025-11-06T13:43:16+00:00","article_modified_time":"2025-11-06T13:44:53+00:00","og_image":[{"width":2040,"height":1530,"url":"https:\/\/svjmedia.nl\/spotlight\/wp-content\/uploads\/sites\/1806\/2025\/11\/WhatsApp-Image-2025-11-05-at-15.17.35.jpeg","type":"image\/jpeg"}],"author":"Jenna van Veen","twitter_card":"summary_large_image","twitter_misc":{"Geschreven door":"Jenna van Veen","Geschatte leestijd":"1 minuut"},"schema":{"@context":"https:\/\/schema.org","@graph":[{"@type":"Article","@id":"https:\/\/svjmedia.nl\/spotlight\/1098\/een-op-de-vijf-studenten-ervaart-belemmeringen-in-hun-studie\/#article","isPartOf":{"@id":"https:\/\/svjmedia.nl\/spotlight\/1098\/een-op-de-vijf-studenten-ervaart-belemmeringen-in-hun-studie\/"},"author":{"name":"Jenna van Veen","@id":"https:\/\/svjmedia.nl\/spotlight\/#\/schema\/person\/8a2bacffe7048a956bfc57c4609744bf"},"headline":"E\u00e9n op de vijf studenten ervaart belemmeringen in hun studie","datePublished":"2025-11-06T13:43:16+00:00","dateModified":"2025-11-06T13:44:53+00:00","mainEntityOfPage":{"@id":"https:\/\/svjmedia.nl\/spotlight\/1098\/een-op-de-vijf-studenten-ervaart-belemmeringen-in-hun-studie\/"},"wordCount":234,"image":{"@id":"https:\/\/svjmedia.nl\/spotlight\/1098\/een-op-de-vijf-studenten-ervaart-belemmeringen-in-hun-studie\/#primaryimage"},"thumbnailUrl":"https:\/\/svjmedia.nl\/spotlight\/wp-content\/uploads\/sites\/1806\/2025\/11\/WhatsApp-Image-2025-11-05-at-15.17.35.jpeg","articleSection":["Binnenland"],"inLanguage":"nl-NL"},{"@type":"WebPage","@id":"https:\/\/svjmedia.nl\/spotlight\/1098\/een-op-de-vijf-studenten-ervaart-belemmeringen-in-hun-studie\/","url":"https:\/\/svjmedia.nl\/spotlight\/1098\/een-op-de-vijf-studenten-ervaart-belemmeringen-in-hun-studie\/","name":"E\u00e9n op de vijf studenten ervaart belemmeringen in hun studie - Spotlight","isPartOf":{"@id":"https:\/\/svjmedia.nl\/spotlight\/#website"},"primaryImageOfPage":{"@id":"https:\/\/svjmedia.nl\/spotlight\/1098\/een-op-de-vijf-studenten-ervaart-belemmeringen-in-hun-studie\/#primaryimage"},"image":{"@id":"https:\/\/svjmedia.nl\/spotlight\/1098\/een-op-de-vijf-studenten-ervaart-belemmeringen-in-hun-studie\/#primaryimage"},"thumbnailUrl":"https:\/\/svjmedia.nl\/spotlight\/wp-content\/uploads\/sites\/1806\/2025\/11\/WhatsApp-Image-2025-11-05-at-15.17.35.jpeg","datePublished":"2025-11-06T13:43:16+00:00","dateModified":"2025-11-06T13:44:53+00:00","author":{"@id":"https:\/\/svjmedia.nl\/spotlight\/#\/schema\/person\/8a2bacffe7048a956bfc57c4609744bf"},"breadcrumb":{"@id":"https:\/\/svjmedia.nl\/spotlight\/1098\/een-op-de-vijf-studenten-ervaart-belemmeringen-in-hun-studie\/#breadcrumb"},"inLanguage":"nl-NL","potentialAction":[{"@type":"ReadAction","target":["https:\/\/svjmedia.nl\/spotlight\/1098\/een-op-de-vijf-studenten-ervaart-belemmeringen-in-hun-studie\/"]}]},{"@type":"ImageObject","inLanguage":"nl-NL","@id":"https:\/\/svjmedia.nl\/spotlight\/1098\/een-op-de-vijf-studenten-ervaart-belemmeringen-in-hun-studie\/#primaryimage","url":"https:\/\/svjmedia.nl\/spotlight\/wp-content\/uploads\/sites\/1806\/2025\/11\/WhatsApp-Image-2025-11-05-at-15.17.35.jpeg","contentUrl":"https:\/\/svjmedia.nl\/spotlight\/wp-content\/uploads\/sites\/1806\/2025\/11\/WhatsApp-Image-2025-11-05-at-15.17.35.jpeg","width":2040,"height":1530,"caption":"Student Support bij Hogeschool Utrecht Foto: Jenna van Veen"},{"@type":"BreadcrumbList","@id":"https:\/\/svjmedia.nl\/spotlight\/1098\/een-op-de-vijf-studenten-ervaart-belemmeringen-in-hun-studie\/#breadcrumb","itemListElement":[{"@type":"ListItem","position":1,"name":"Home","item":"https:\/\/svjmedia.nl\/spotlight\/"},{"@type":"ListItem","position":2,"name":"E\u00e9n op de vijf studenten ervaart belemmeringen in hun studie"}]},{"@type":"WebSite","@id":"https:\/\/svjmedia.nl\/spotlight\/#website","url":"https:\/\/svjmedia.nl\/spotlight\/","name":"Spotlight","description":"HU School voor Journalistiek Regiosite","potentialAction":[{"@type":"SearchAction","target":{"@type":"EntryPoint","urlTemplate":"https:\/\/svjmedia.nl\/spotlight\/?s={search_term_string}"},"query-input":{"@type":"PropertyValueSpecification","valueRequired":true,"valueName":"search_term_string"}}],"inLanguage":"nl-NL"},{"@type":"Person","@id":"https:\/\/svjmedia.nl\/spotlight\/#\/schema\/person\/8a2bacffe7048a956bfc57c4609744bf","name":"Jenna van Veen","image":{"@type":"ImageObject","inLanguage":"nl-NL","@id":"https:\/\/secure.gravatar.com\/avatar\/88f350fbd600ecd66e67af0dae5d21a3b20f79ab02d8f700ea3dff3349046fde?s=96&d=mm&r=g","url":"https:\/\/secure.gravatar.com\/avatar\/88f350fbd600ecd66e67af0dae5d21a3b20f79ab02d8f700ea3dff3349046fde?s=96&d=mm&r=g","contentUrl":"https:\/\/secure.gravatar.com\/avatar\/88f350fbd600ecd66e67af0dae5d21a3b20f79ab02d8f700ea3dff3349046fde?s=96&d=mm&r=g","caption":"Jenna van Veen"},"description":"Ik ben Jenna van Veen, 24 jaar en eerstejaars student aan de School voor Journalistiek. Sinds het begin van de middelbare school ben ik al ge\u00efnteresseerd in de journalistiek. In 2022 ben ik afgestuurd voor de mbo-opleiding Internationale Marketing, Communicatie en Evenementen. Hierbij heb ik onder andere persbericht mogen schrijven voor verschillende bedrijven. Heeft u tips? Stuur dat dan naar jenna.vanveen@student.hu.nl","sameAs":["https:\/\/www.instagram.com\/v.jenn.v\/","https:\/\/www.linkedin.com\/in\/jenna-van-veen-a56829222?utm_source=share&utm_campaign=share_via&utm_content=profile&utm_medium=android_app"],"url":"https:\/\/svjmedia.nl\/spotlight\/author\/jenna-vanveen\/"}]}},"_links":{"self":[{"href":"https:\/\/svjmedia.nl\/spotlight\/wp-json\/wp\/v2\/posts\/1098","targetHints":{"allow":["GET"]}}],"collection":[{"href":"https:\/\/svjmedia.nl\/spotlight\/wp-json\/wp\/v2\/posts"}],"about":[{"href":"https:\/\/svjmedia.nl\/spotlight\/wp-json\/wp\/v2\/types\/post"}],"author":[{"embeddable":true,"href":"https:\/\/svjmedia.nl\/spotlight\/wp-json\/wp\/v2\/users\/3539"}],"replies":[{"embeddable":true,"href":"https:\/\/svjmedia.nl\/spotlight\/wp-json\/wp\/v2\/comments?post=1098"}],"version-history":[{"count":2,"href":"https:\/\/svjmedia.nl\/spotlight\/wp-json\/wp\/v2\/posts\/1098\/revisions"}],"predecessor-version":[{"id":1101,"href":"https:\/\/svjmedia.nl\/spotlight\/wp-json\/wp\/v2\/posts\/1098\/revisions\/1101"}],"wp:featuredmedia":[{"embeddable":true,"href":"https:\/\/svjmedia.nl\/spotlight\/wp-json\/wp\/v2\/media\/1099"}],"wp:attachment":[{"href":"https:\/\/svjmedia.nl\/spotlight\/wp-json\/wp\/v2\/media?parent=1098"}],"wp:term":[{"taxonomy":"category","embeddable":true,"href":"https:\/\/svjmedia.nl\/spotlight\/wp-json\/wp\/v2\/categories?post=1098"},{"taxonomy":"post_tag","embeddable":true,"href":"https:\/\/svjmedia.nl\/spotlight\/wp-json\/wp\/v2\/tags?post=1098"}],"curies":[{"name":"wp","href":"https:\/\/api.w.org\/{rel}","templated":true}]}}