{"id":394,"date":"2025-09-10T22:37:31","date_gmt":"2025-09-10T20:37:31","guid":{"rendered":"https:\/\/svjmedia.nl\/spotlight\/?p=394"},"modified":"2025-09-10T22:38:18","modified_gmt":"2025-09-10T20:38:18","slug":"samen-richting-het-licht-voor-suicidepreventie","status":"publish","type":"post","link":"https:\/\/svjmedia.nl\/spotlight\/394\/samen-richting-het-licht-voor-suicidepreventie\/","title":{"rendered":"Samen richting het licht voor su\u00efcidepreventie"},"content":{"rendered":"<div>\n<p>Deze week is het Wereld Su\u00efcide Preventie Week. In heel Nederland zijn er activiteiten om aandacht te vragen voor su\u00efcide en om het gesprek over mentale gezondheid opener te maken. Het thema van dit jaar is<span class=\"apple-converted-space\">\u00a0<\/span><em data-start=\"448\" data-end=\"472\">\u201c<\/em>Op zoek naar woorden<em data-start=\"448\" data-end=\"472\">\u201d<\/em><i>.<\/i> Daarmee willen de organisatoren mensen aanmoedigen om te praten over su\u00efcide, een onderwerp dat vaak nog moeilijk bespreekbaar is.<\/p>\n<p>Dit jaar zijn er meer initiatieven dan voorheen. Mensen dragen massaal gele met oranje \u00a0lintjes, er zijn stoepkrijtgedichten, bijeenkomsten, en op meer dan vijftig plekken in Nederland wordt de Walk into the Light georganiseerd. Tijdens deze stille wandelingen lopen mensen samen van het donker naar het licht, terwijl de zon opkomt. Dit symboliseert hoop en het doorbreken van stilte rondom het onderwerp.<\/p>\n<p>De cijfers laten zien dat dit hard nodig is. In 2024 maakten 1.878 mensen in Nederland een einde aan hun leven volgens 113 Zelfmoordpreventie. Dat zijn gemiddeld vijf mensen per dag. Vooral onder jongeren tussen de 10 en 30 jaar blijft het aantal zorgelijk hoog. Volgens de Wereldgezondheidsorganisatie (WHO, 2021) is su\u00efcide wereldwijd \u00e9\u00e9n van de belangrijkste doodsoorzaken bij jongeren tussen de 15 en 29 jaar. Ook worden elk jaar honderdduizenden mensen geraakt als naaste of nabestaande.<\/p>\n<p>De Walk into the Light is een manier om mensen met elkaar te verbinden. De <span class=\"s1\">Walk into the Light<\/span> is een stille wandeling bij zonsopkomst, waarbij mensen samen van het donker naar het licht lopen. Nabestaanden, naasten en ervaringsdeskundigen vinden er herkenning en steun. Verslaggeeftser Puck van Westerloo was dinsdag 9 September bij de Walk into the light in Harderwijk. Daar sprak zij met de organistie en met een medewerker vaan 113 Zelfmoordpreventie over de impact van de wandeling op het mentale welzijn van de deelnemers.<\/p>\n<\/div>\n<div>\n<p data-start=\"1549\" data-end=\"1805\"><div class=\"humamaudio\" style=\"position:relative;overflow:hidden;width:600px;height:40px;margin:20px 0px;\"><iframe loading=\"lazy\" width=\"600\" height=\"40\" src=\"https:\/\/stream.hu.nl\/players\/CfrOzEIe-gUDjC9bv.html\"><\/iframe><\/div><\/p>\n<\/div>\n","protected":false},"excerpt":{"rendered":"<p>Deze week is het Wereld Su\u00efcide Preventie Week. In heel Nederland zijn er activiteiten om aandacht te vragen voor su\u00efcide en om het gesprek over mentale gezondheid opener te maken. Het thema van dit jaar is\u00a0\u201cOp zoek naar woorden\u201d. Daarmee willen de organisatoren mensen aanmoedigen om te praten over su\u00efcide, een onderwerp dat vaak nog [&hellip;]<\/p>\n","protected":false},"author":3586,"featured_media":396,"comment_status":"closed","ping_status":"closed","sticky":false,"template":"","format":"standard","meta":{"_acf_changed":false,"_et_pb_use_builder":"","_et_pb_old_content":"","_et_gb_content_width":"","footnotes":""},"categories":[1],"tags":[34,47,36,46,37,35,45],"class_list":["post-394","post","type-post","status-publish","format-standard","has-post-thumbnail","hentry","category-binnenland","tag-34","tag-ixta-noa","tag-suicide-preventie","tag-wandeling","tag-werld-suicide-preventie-week","tag-wspw","tag-zonsopgang","et-has-post-format-content","et_post_format-et-post-format-standard"],"acf":[],"yoast_head":"<!-- This site is optimized with the Yoast SEO plugin v27.5 - https:\/\/yoast.com\/product\/yoast-seo-wordpress\/ -->\n<title>Samen richting het licht voor su\u00efcidepreventie - Spotlight<\/title>\n<meta name=\"robots\" content=\"noindex, follow, max-snippet:-1, max-image-preview:large, max-video-preview:-1\" \/>\n<meta property=\"og:locale\" content=\"nl_NL\" \/>\n<meta property=\"og:type\" content=\"article\" \/>\n<meta property=\"og:title\" content=\"Samen richting het licht voor su\u00efcidepreventie - Spotlight\" \/>\n<meta property=\"og:description\" content=\"Deze week is het Wereld Su\u00efcide Preventie Week. In heel Nederland zijn er activiteiten om aandacht te vragen voor su\u00efcide en om het gesprek over mentale gezondheid opener te maken. Het thema van dit jaar is\u00a0\u201cOp zoek naar woorden\u201d. Daarmee willen de organisatoren mensen aanmoedigen om te praten over su\u00efcide, een onderwerp dat vaak nog [&hellip;]\" \/>\n<meta property=\"og:url\" content=\"https:\/\/svjmedia.nl\/spotlight\/394\/samen-richting-het-licht-voor-suicidepreventie\/\" \/>\n<meta property=\"og:site_name\" content=\"Spotlight\" \/>\n<meta property=\"article:published_time\" content=\"2025-09-10T20:37:31+00:00\" \/>\n<meta property=\"article:modified_time\" content=\"2025-09-10T20:38:18+00:00\" \/>\n<meta property=\"og:image\" content=\"https:\/\/svjmedia.nl\/spotlight\/wp-content\/uploads\/sites\/1806\/2025\/09\/IMG_0473-scaled.jpeg\" \/>\n\t<meta property=\"og:image:width\" content=\"2560\" \/>\n\t<meta property=\"og:image:height\" content=\"1920\" \/>\n\t<meta property=\"og:image:type\" content=\"image\/jpeg\" \/>\n<meta name=\"author\" content=\"Puck van Westerloo\" \/>\n<meta name=\"twitter:card\" content=\"summary_large_image\" \/>\n<meta name=\"twitter:label1\" content=\"Geschreven door\" \/>\n\t<meta name=\"twitter:data1\" content=\"Puck van Westerloo\" \/>\n\t<meta name=\"twitter:label2\" content=\"Geschatte leestijd\" \/>\n\t<meta name=\"twitter:data2\" content=\"1 minuut\" \/>\n<script type=\"application\/ld+json\" class=\"yoast-schema-graph\">{\"@context\":\"https:\\\/\\\/schema.org\",\"@graph\":[{\"@type\":\"Article\",\"@id\":\"https:\\\/\\\/svjmedia.nl\\\/spotlight\\\/394\\\/samen-richting-het-licht-voor-suicidepreventie\\\/#article\",\"isPartOf\":{\"@id\":\"https:\\\/\\\/svjmedia.nl\\\/spotlight\\\/394\\\/samen-richting-het-licht-voor-suicidepreventie\\\/\"},\"author\":{\"name\":\"Puck van Westerloo\",\"@id\":\"https:\\\/\\\/svjmedia.nl\\\/spotlight\\\/#\\\/schema\\\/person\\\/51bc9feda73b232fb6237872d3d8c3b3\"},\"headline\":\"Samen richting het licht voor su\u00efcidepreventie\",\"datePublished\":\"2025-09-10T20:37:31+00:00\",\"dateModified\":\"2025-09-10T20:38:18+00:00\",\"mainEntityOfPage\":{\"@id\":\"https:\\\/\\\/svjmedia.nl\\\/spotlight\\\/394\\\/samen-richting-het-licht-voor-suicidepreventie\\\/\"},\"wordCount\":290,\"image\":{\"@id\":\"https:\\\/\\\/svjmedia.nl\\\/spotlight\\\/394\\\/samen-richting-het-licht-voor-suicidepreventie\\\/#primaryimage\"},\"thumbnailUrl\":\"https:\\\/\\\/svjmedia.nl\\\/spotlight\\\/wp-content\\\/uploads\\\/sites\\\/1806\\\/2025\\\/09\\\/IMG_0473-scaled.jpeg\",\"keywords\":[\"113\",\"Ixta Noa\",\"Su\u00efcide preventie\",\"Wandeling\",\"Werld su\u00efcide preventie week\",\"WSPW\",\"Zonsopgang\"],\"articleSection\":[\"Binnenland\"],\"inLanguage\":\"nl-NL\"},{\"@type\":\"WebPage\",\"@id\":\"https:\\\/\\\/svjmedia.nl\\\/spotlight\\\/394\\\/samen-richting-het-licht-voor-suicidepreventie\\\/\",\"url\":\"https:\\\/\\\/svjmedia.nl\\\/spotlight\\\/394\\\/samen-richting-het-licht-voor-suicidepreventie\\\/\",\"name\":\"Samen richting het licht voor su\u00efcidepreventie - Spotlight\",\"isPartOf\":{\"@id\":\"https:\\\/\\\/svjmedia.nl\\\/spotlight\\\/#website\"},\"primaryImageOfPage\":{\"@id\":\"https:\\\/\\\/svjmedia.nl\\\/spotlight\\\/394\\\/samen-richting-het-licht-voor-suicidepreventie\\\/#primaryimage\"},\"image\":{\"@id\":\"https:\\\/\\\/svjmedia.nl\\\/spotlight\\\/394\\\/samen-richting-het-licht-voor-suicidepreventie\\\/#primaryimage\"},\"thumbnailUrl\":\"https:\\\/\\\/svjmedia.nl\\\/spotlight\\\/wp-content\\\/uploads\\\/sites\\\/1806\\\/2025\\\/09\\\/IMG_0473-scaled.jpeg\",\"datePublished\":\"2025-09-10T20:37:31+00:00\",\"dateModified\":\"2025-09-10T20:38:18+00:00\",\"author\":{\"@id\":\"https:\\\/\\\/svjmedia.nl\\\/spotlight\\\/#\\\/schema\\\/person\\\/51bc9feda73b232fb6237872d3d8c3b3\"},\"breadcrumb\":{\"@id\":\"https:\\\/\\\/svjmedia.nl\\\/spotlight\\\/394\\\/samen-richting-het-licht-voor-suicidepreventie\\\/#breadcrumb\"},\"inLanguage\":\"nl-NL\",\"potentialAction\":[{\"@type\":\"ReadAction\",\"target\":[\"https:\\\/\\\/svjmedia.nl\\\/spotlight\\\/394\\\/samen-richting-het-licht-voor-suicidepreventie\\\/\"]}]},{\"@type\":\"ImageObject\",\"inLanguage\":\"nl-NL\",\"@id\":\"https:\\\/\\\/svjmedia.nl\\\/spotlight\\\/394\\\/samen-richting-het-licht-voor-suicidepreventie\\\/#primaryimage\",\"url\":\"https:\\\/\\\/svjmedia.nl\\\/spotlight\\\/wp-content\\\/uploads\\\/sites\\\/1806\\\/2025\\\/09\\\/IMG_0473-scaled.jpeg\",\"contentUrl\":\"https:\\\/\\\/svjmedia.nl\\\/spotlight\\\/wp-content\\\/uploads\\\/sites\\\/1806\\\/2025\\\/09\\\/IMG_0473-scaled.jpeg\",\"width\":2560,\"height\":1920,\"caption\":\"Walk into the light Harderwijk\"},{\"@type\":\"BreadcrumbList\",\"@id\":\"https:\\\/\\\/svjmedia.nl\\\/spotlight\\\/394\\\/samen-richting-het-licht-voor-suicidepreventie\\\/#breadcrumb\",\"itemListElement\":[{\"@type\":\"ListItem\",\"position\":1,\"name\":\"Home\",\"item\":\"https:\\\/\\\/svjmedia.nl\\\/spotlight\\\/\"},{\"@type\":\"ListItem\",\"position\":2,\"name\":\"Samen richting het licht voor su\u00efcidepreventie\"}]},{\"@type\":\"WebSite\",\"@id\":\"https:\\\/\\\/svjmedia.nl\\\/spotlight\\\/#website\",\"url\":\"https:\\\/\\\/svjmedia.nl\\\/spotlight\\\/\",\"name\":\"Spotlight\",\"description\":\"HU School voor Journalistiek Regiosite\",\"potentialAction\":[{\"@type\":\"SearchAction\",\"target\":{\"@type\":\"EntryPoint\",\"urlTemplate\":\"https:\\\/\\\/svjmedia.nl\\\/spotlight\\\/?s={search_term_string}\"},\"query-input\":{\"@type\":\"PropertyValueSpecification\",\"valueRequired\":true,\"valueName\":\"search_term_string\"}}],\"inLanguage\":\"nl-NL\"},{\"@type\":\"Person\",\"@id\":\"https:\\\/\\\/svjmedia.nl\\\/spotlight\\\/#\\\/schema\\\/person\\\/51bc9feda73b232fb6237872d3d8c3b3\",\"name\":\"Puck van Westerloo\",\"image\":{\"@type\":\"ImageObject\",\"inLanguage\":\"nl-NL\",\"@id\":\"https:\\\/\\\/secure.gravatar.com\\\/avatar\\\/7745f5e9cccc97469882d7e3613301684323f6504ea07abb94ea71e1a1d2650b?s=96&d=mm&r=g\",\"url\":\"https:\\\/\\\/secure.gravatar.com\\\/avatar\\\/7745f5e9cccc97469882d7e3613301684323f6504ea07abb94ea71e1a1d2650b?s=96&d=mm&r=g\",\"contentUrl\":\"https:\\\/\\\/secure.gravatar.com\\\/avatar\\\/7745f5e9cccc97469882d7e3613301684323f6504ea07abb94ea71e1a1d2650b?s=96&d=mm&r=g\",\"caption\":\"Puck van Westerloo\"},\"description\":\"Puck van Westerloo (Blaricum, 2005). Geboren in een familie vol met journalisten. Wat haar inspireerde om hetzelfde pad te bewandelen. Met een interesse in misdaad en sport heeft Puck zich gespecialiseerd in het onderzoeken en schrijven over deze onderwerpen. Zij is nog niet heel bekend met Utrecht-Noord, maar daar gaat dit jaar zeker verandering in komen. Puck zet zich in voor eerlijke en betrouwbare berichtgeving.\",\"url\":\"https:\\\/\\\/svjmedia.nl\\\/spotlight\\\/author\\\/puck-vanwesterloo\\\/\"}]}<\/script>\n<!-- \/ Yoast SEO plugin. -->","yoast_head_json":{"title":"Samen richting het licht voor su\u00efcidepreventie - Spotlight","robots":{"index":"noindex","follow":"follow","max-snippet":"max-snippet:-1","max-image-preview":"max-image-preview:large","max-video-preview":"max-video-preview:-1"},"og_locale":"nl_NL","og_type":"article","og_title":"Samen richting het licht voor su\u00efcidepreventie - Spotlight","og_description":"Deze week is het Wereld Su\u00efcide Preventie Week. In heel Nederland zijn er activiteiten om aandacht te vragen voor su\u00efcide en om het gesprek over mentale gezondheid opener te maken. Het thema van dit jaar is\u00a0\u201cOp zoek naar woorden\u201d. Daarmee willen de organisatoren mensen aanmoedigen om te praten over su\u00efcide, een onderwerp dat vaak nog [&hellip;]","og_url":"https:\/\/svjmedia.nl\/spotlight\/394\/samen-richting-het-licht-voor-suicidepreventie\/","og_site_name":"Spotlight","article_published_time":"2025-09-10T20:37:31+00:00","article_modified_time":"2025-09-10T20:38:18+00:00","og_image":[{"width":2560,"height":1920,"url":"https:\/\/svjmedia.nl\/spotlight\/wp-content\/uploads\/sites\/1806\/2025\/09\/IMG_0473-scaled.jpeg","type":"image\/jpeg"}],"author":"Puck van Westerloo","twitter_card":"summary_large_image","twitter_misc":{"Geschreven door":"Puck van Westerloo","Geschatte leestijd":"1 minuut"},"schema":{"@context":"https:\/\/schema.org","@graph":[{"@type":"Article","@id":"https:\/\/svjmedia.nl\/spotlight\/394\/samen-richting-het-licht-voor-suicidepreventie\/#article","isPartOf":{"@id":"https:\/\/svjmedia.nl\/spotlight\/394\/samen-richting-het-licht-voor-suicidepreventie\/"},"author":{"name":"Puck van Westerloo","@id":"https:\/\/svjmedia.nl\/spotlight\/#\/schema\/person\/51bc9feda73b232fb6237872d3d8c3b3"},"headline":"Samen richting het licht voor su\u00efcidepreventie","datePublished":"2025-09-10T20:37:31+00:00","dateModified":"2025-09-10T20:38:18+00:00","mainEntityOfPage":{"@id":"https:\/\/svjmedia.nl\/spotlight\/394\/samen-richting-het-licht-voor-suicidepreventie\/"},"wordCount":290,"image":{"@id":"https:\/\/svjmedia.nl\/spotlight\/394\/samen-richting-het-licht-voor-suicidepreventie\/#primaryimage"},"thumbnailUrl":"https:\/\/svjmedia.nl\/spotlight\/wp-content\/uploads\/sites\/1806\/2025\/09\/IMG_0473-scaled.jpeg","keywords":["113","Ixta Noa","Su\u00efcide preventie","Wandeling","Werld su\u00efcide preventie week","WSPW","Zonsopgang"],"articleSection":["Binnenland"],"inLanguage":"nl-NL"},{"@type":"WebPage","@id":"https:\/\/svjmedia.nl\/spotlight\/394\/samen-richting-het-licht-voor-suicidepreventie\/","url":"https:\/\/svjmedia.nl\/spotlight\/394\/samen-richting-het-licht-voor-suicidepreventie\/","name":"Samen richting het licht voor su\u00efcidepreventie - Spotlight","isPartOf":{"@id":"https:\/\/svjmedia.nl\/spotlight\/#website"},"primaryImageOfPage":{"@id":"https:\/\/svjmedia.nl\/spotlight\/394\/samen-richting-het-licht-voor-suicidepreventie\/#primaryimage"},"image":{"@id":"https:\/\/svjmedia.nl\/spotlight\/394\/samen-richting-het-licht-voor-suicidepreventie\/#primaryimage"},"thumbnailUrl":"https:\/\/svjmedia.nl\/spotlight\/wp-content\/uploads\/sites\/1806\/2025\/09\/IMG_0473-scaled.jpeg","datePublished":"2025-09-10T20:37:31+00:00","dateModified":"2025-09-10T20:38:18+00:00","author":{"@id":"https:\/\/svjmedia.nl\/spotlight\/#\/schema\/person\/51bc9feda73b232fb6237872d3d8c3b3"},"breadcrumb":{"@id":"https:\/\/svjmedia.nl\/spotlight\/394\/samen-richting-het-licht-voor-suicidepreventie\/#breadcrumb"},"inLanguage":"nl-NL","potentialAction":[{"@type":"ReadAction","target":["https:\/\/svjmedia.nl\/spotlight\/394\/samen-richting-het-licht-voor-suicidepreventie\/"]}]},{"@type":"ImageObject","inLanguage":"nl-NL","@id":"https:\/\/svjmedia.nl\/spotlight\/394\/samen-richting-het-licht-voor-suicidepreventie\/#primaryimage","url":"https:\/\/svjmedia.nl\/spotlight\/wp-content\/uploads\/sites\/1806\/2025\/09\/IMG_0473-scaled.jpeg","contentUrl":"https:\/\/svjmedia.nl\/spotlight\/wp-content\/uploads\/sites\/1806\/2025\/09\/IMG_0473-scaled.jpeg","width":2560,"height":1920,"caption":"Walk into the light Harderwijk"},{"@type":"BreadcrumbList","@id":"https:\/\/svjmedia.nl\/spotlight\/394\/samen-richting-het-licht-voor-suicidepreventie\/#breadcrumb","itemListElement":[{"@type":"ListItem","position":1,"name":"Home","item":"https:\/\/svjmedia.nl\/spotlight\/"},{"@type":"ListItem","position":2,"name":"Samen richting het licht voor su\u00efcidepreventie"}]},{"@type":"WebSite","@id":"https:\/\/svjmedia.nl\/spotlight\/#website","url":"https:\/\/svjmedia.nl\/spotlight\/","name":"Spotlight","description":"HU School voor Journalistiek Regiosite","potentialAction":[{"@type":"SearchAction","target":{"@type":"EntryPoint","urlTemplate":"https:\/\/svjmedia.nl\/spotlight\/?s={search_term_string}"},"query-input":{"@type":"PropertyValueSpecification","valueRequired":true,"valueName":"search_term_string"}}],"inLanguage":"nl-NL"},{"@type":"Person","@id":"https:\/\/svjmedia.nl\/spotlight\/#\/schema\/person\/51bc9feda73b232fb6237872d3d8c3b3","name":"Puck van Westerloo","image":{"@type":"ImageObject","inLanguage":"nl-NL","@id":"https:\/\/secure.gravatar.com\/avatar\/7745f5e9cccc97469882d7e3613301684323f6504ea07abb94ea71e1a1d2650b?s=96&d=mm&r=g","url":"https:\/\/secure.gravatar.com\/avatar\/7745f5e9cccc97469882d7e3613301684323f6504ea07abb94ea71e1a1d2650b?s=96&d=mm&r=g","contentUrl":"https:\/\/secure.gravatar.com\/avatar\/7745f5e9cccc97469882d7e3613301684323f6504ea07abb94ea71e1a1d2650b?s=96&d=mm&r=g","caption":"Puck van Westerloo"},"description":"Puck van Westerloo (Blaricum, 2005). Geboren in een familie vol met journalisten. Wat haar inspireerde om hetzelfde pad te bewandelen. Met een interesse in misdaad en sport heeft Puck zich gespecialiseerd in het onderzoeken en schrijven over deze onderwerpen. Zij is nog niet heel bekend met Utrecht-Noord, maar daar gaat dit jaar zeker verandering in komen. Puck zet zich in voor eerlijke en betrouwbare berichtgeving.","url":"https:\/\/svjmedia.nl\/spotlight\/author\/puck-vanwesterloo\/"}]}},"_links":{"self":[{"href":"https:\/\/svjmedia.nl\/spotlight\/wp-json\/wp\/v2\/posts\/394","targetHints":{"allow":["GET"]}}],"collection":[{"href":"https:\/\/svjmedia.nl\/spotlight\/wp-json\/wp\/v2\/posts"}],"about":[{"href":"https:\/\/svjmedia.nl\/spotlight\/wp-json\/wp\/v2\/types\/post"}],"author":[{"embeddable":true,"href":"https:\/\/svjmedia.nl\/spotlight\/wp-json\/wp\/v2\/users\/3586"}],"replies":[{"embeddable":true,"href":"https:\/\/svjmedia.nl\/spotlight\/wp-json\/wp\/v2\/comments?post=394"}],"version-history":[{"count":3,"href":"https:\/\/svjmedia.nl\/spotlight\/wp-json\/wp\/v2\/posts\/394\/revisions"}],"predecessor-version":[{"id":433,"href":"https:\/\/svjmedia.nl\/spotlight\/wp-json\/wp\/v2\/posts\/394\/revisions\/433"}],"wp:featuredmedia":[{"embeddable":true,"href":"https:\/\/svjmedia.nl\/spotlight\/wp-json\/wp\/v2\/media\/396"}],"wp:attachment":[{"href":"https:\/\/svjmedia.nl\/spotlight\/wp-json\/wp\/v2\/media?parent=394"}],"wp:term":[{"taxonomy":"category","embeddable":true,"href":"https:\/\/svjmedia.nl\/spotlight\/wp-json\/wp\/v2\/categories?post=394"},{"taxonomy":"post_tag","embeddable":true,"href":"https:\/\/svjmedia.nl\/spotlight\/wp-json\/wp\/v2\/tags?post=394"}],"curies":[{"name":"wp","href":"https:\/\/api.w.org\/{rel}","templated":true}]}}