{"id":719,"date":"2025-10-02T09:49:00","date_gmt":"2025-10-02T07:49:00","guid":{"rendered":"https:\/\/svjmedia.nl\/spotlight\/?p=719"},"modified":"2025-10-02T11:15:10","modified_gmt":"2025-10-02T09:15:10","slug":"een-vooruitblik-op-fc-utrecht-en-het-coefficientensaldo-van-nederland","status":"publish","type":"post","link":"https:\/\/svjmedia.nl\/spotlight\/719\/een-vooruitblik-op-fc-utrecht-en-het-coefficientensaldo-van-nederland\/","title":{"rendered":"Een vooruitblik op FC Utrecht en het co\u00ebffici\u00ebntensaldo van Nederland"},"content":{"rendered":"<p><strong>Vorige week speelde FC Utrecht haar eerste thuiswedstrijd in de Europa League na 15 jaar. Er werd weliswaar verloren tegen Olympique Lyon, het publiek was goed te spreken over het spel dat Utrecht op de mat wist te leggen.<\/strong><\/p>\n<p>&nbsp;<\/p>\n<p><span style=\"font-weight: 400\">Waar het sportief nog goed ging met Utrecht, ging het rondom het stadion en in de binnenstad goed mis voorafgaand en na de wedstrijd. Het liep voor de wedstrijd flink uit de hand op de Neude, waar er rond 16:15 ineens zo\u2019n 100 man met elkaar op de vuist gingen. Met een afvoering naar het ziekenhuis en vier gewonde agenten als gevolg, zo meldt <\/span><a href=\"https:\/\/www.rtvutrecht.nl\/nieuws\/3946945\/even-schrikken-op-de-neude-na-vechtpartij-tussen-hooligans-horeca-blikt-terug-op-bewogen-middag\"><span style=\"font-weight: 400\">RTV Utrecht<\/span><\/a><span style=\"font-weight: 400\">.\u00a0<\/span><\/p>\n<p><span style=\"font-weight: 400\">Naast dat een goede sfeer tussen supporters belangrijk is, geldt dat natuurlijk ook voor de co\u00ebffici\u00ebnten van Nederland in de Europese ranglijst. Het co\u00ebffici\u00ebntensaldo heeft namelijk een directe relatie met hoeveel teams er uit een bepaald land mee mogen doen aan de Europese competities.\u00a0<\/span><\/p>\n<p><span style=\"font-weight: 400\">In 2010 waren het Michel Vorm en Dries Mertens, kunnen Vasilios Barkas en S\u00e9bastien Haller zorgen voor nieuwe triomfen voor FC Utrecht? Het antwoord wordt vanavond zichtbaar.<\/span><\/p>\n<p><span style=\"font-weight: 400\">Bekijk hieronder de reportage van Bas Otte waarin de kansen van Utrecht en de co\u00ebffici\u00ebnten in het voetbal verder belicht worden:<\/span><\/p>\n<p><span data-olk-copy-source=\"MessageBody\"><div class=\"humamvideo\" style=\"position:relative;overflow:hidden;width:100%;padding-top: 56.25%;margin:20px 0px;\"><iframe style=\"position:absolute;top:0;left:0;bottom:0;right:0;width:100%;height:100%;\" src=\"https:\/\/stream.hu.nl\/players\/xIDdgtc8-Kv4Phafj.html\" frameborder=\"0\" allow=\"accelerometer; autoplay; clipboard-write; encrypted-media; gyroscope; picture-in-picture\" allowfullscreen><\/iframe><\/div><\/span><\/p>\n<p>&nbsp;<\/p>\n<p>&nbsp;<\/p>\n<p>Kijk hier voor de laatste updates rondom de Co\u00ebffici\u00ebntenlijst:<br \/>\n<a href=\"https:\/\/coefficienten.nl\/uefa-coefficienten-ranglijst\/\">https:\/\/coefficienten.nl\/uefa-coefficienten-ranglijst\/<\/a><\/p>\n<p><br style=\"font-weight: 400\" \/><br style=\"font-weight: 400\" \/><\/p>\n","protected":false},"excerpt":{"rendered":"<p>Vorige week speelde FC Utrecht haar eerste thuiswedstrijd in de Europa League na 15 jaar. Er werd weliswaar verloren tegen Olympique Lyon, het publiek was goed te spreken over het spel dat Utrecht op de mat wist te leggen. &nbsp; Waar het sportief nog goed ging met Utrecht, ging het rondom het stadion en in [&hellip;]<\/p>\n","protected":false},"author":3530,"featured_media":720,"comment_status":"closed","ping_status":"closed","sticky":false,"template":"","format":"standard","meta":{"_acf_changed":false,"_et_pb_use_builder":"","_et_pb_old_content":"","_et_gb_content_width":"","footnotes":""},"categories":[33],"tags":[],"class_list":["post-719","post","type-post","status-publish","format-standard","has-post-thumbnail","hentry","category-sport","et-has-post-format-content","et_post_format-et-post-format-standard"],"acf":[],"yoast_head":"<!-- This site is optimized with the Yoast SEO plugin v27.5 - https:\/\/yoast.com\/product\/yoast-seo-wordpress\/ -->\n<title>Een vooruitblik op FC Utrecht en het co\u00ebffici\u00ebntensaldo van Nederland - Spotlight<\/title>\n<meta name=\"robots\" content=\"noindex, follow, max-snippet:-1, max-image-preview:large, max-video-preview:-1\" \/>\n<meta property=\"og:locale\" content=\"nl_NL\" \/>\n<meta property=\"og:type\" content=\"article\" \/>\n<meta property=\"og:title\" content=\"Een vooruitblik op FC Utrecht en het co\u00ebffici\u00ebntensaldo van Nederland - Spotlight\" \/>\n<meta property=\"og:description\" content=\"Vorige week speelde FC Utrecht haar eerste thuiswedstrijd in de Europa League na 15 jaar. Er werd weliswaar verloren tegen Olympique Lyon, het publiek was goed te spreken over het spel dat Utrecht op de mat wist te leggen. &nbsp; Waar het sportief nog goed ging met Utrecht, ging het rondom het stadion en in [&hellip;]\" \/>\n<meta property=\"og:url\" content=\"https:\/\/svjmedia.nl\/spotlight\/719\/een-vooruitblik-op-fc-utrecht-en-het-coefficientensaldo-van-nederland\/\" \/>\n<meta property=\"og:site_name\" content=\"Spotlight\" \/>\n<meta property=\"article:author\" content=\"https:\/\/www.facebook.com\/bas.otte.1\/\" \/>\n<meta property=\"article:published_time\" content=\"2025-10-02T07:49:00+00:00\" \/>\n<meta property=\"article:modified_time\" content=\"2025-10-02T09:15:10+00:00\" \/>\n<meta property=\"og:image\" content=\"https:\/\/svjmedia.nl\/spotlight\/wp-content\/uploads\/sites\/1806\/2025\/10\/WhatsApp-Image-2025-10-02-at-09.26.19.jpeg\" \/>\n\t<meta property=\"og:image:width\" content=\"736\" \/>\n\t<meta property=\"og:image:height\" content=\"1600\" \/>\n\t<meta property=\"og:image:type\" content=\"image\/jpeg\" \/>\n<meta name=\"author\" content=\"Bas Otte\" \/>\n<meta name=\"twitter:card\" content=\"summary_large_image\" \/>\n<meta name=\"twitter:label1\" content=\"Geschreven door\" \/>\n\t<meta name=\"twitter:data1\" content=\"Bas Otte\" \/>\n\t<meta name=\"twitter:label2\" content=\"Geschatte leestijd\" \/>\n\t<meta name=\"twitter:data2\" content=\"1 minuut\" \/>\n<script type=\"application\/ld+json\" class=\"yoast-schema-graph\">{\"@context\":\"https:\\\/\\\/schema.org\",\"@graph\":[{\"@type\":\"Article\",\"@id\":\"https:\\\/\\\/svjmedia.nl\\\/spotlight\\\/719\\\/een-vooruitblik-op-fc-utrecht-en-het-coefficientensaldo-van-nederland\\\/#article\",\"isPartOf\":{\"@id\":\"https:\\\/\\\/svjmedia.nl\\\/spotlight\\\/719\\\/een-vooruitblik-op-fc-utrecht-en-het-coefficientensaldo-van-nederland\\\/\"},\"author\":{\"name\":\"Bas Otte\",\"@id\":\"https:\\\/\\\/svjmedia.nl\\\/spotlight\\\/#\\\/schema\\\/person\\\/24dec061318e6e5c7bb8dfc557154e57\"},\"headline\":\"Een vooruitblik op FC Utrecht en het co\u00ebffici\u00ebntensaldo van Nederland\",\"datePublished\":\"2025-10-02T07:49:00+00:00\",\"dateModified\":\"2025-10-02T09:15:10+00:00\",\"mainEntityOfPage\":{\"@id\":\"https:\\\/\\\/svjmedia.nl\\\/spotlight\\\/719\\\/een-vooruitblik-op-fc-utrecht-en-het-coefficientensaldo-van-nederland\\\/\"},\"wordCount\":236,\"image\":{\"@id\":\"https:\\\/\\\/svjmedia.nl\\\/spotlight\\\/719\\\/een-vooruitblik-op-fc-utrecht-en-het-coefficientensaldo-van-nederland\\\/#primaryimage\"},\"thumbnailUrl\":\"https:\\\/\\\/svjmedia.nl\\\/spotlight\\\/wp-content\\\/uploads\\\/sites\\\/1806\\\/2025\\\/10\\\/WhatsApp-Image-2025-10-02-at-09.26.19.jpeg\",\"articleSection\":[\"Sport\"],\"inLanguage\":\"nl-NL\"},{\"@type\":\"WebPage\",\"@id\":\"https:\\\/\\\/svjmedia.nl\\\/spotlight\\\/719\\\/een-vooruitblik-op-fc-utrecht-en-het-coefficientensaldo-van-nederland\\\/\",\"url\":\"https:\\\/\\\/svjmedia.nl\\\/spotlight\\\/719\\\/een-vooruitblik-op-fc-utrecht-en-het-coefficientensaldo-van-nederland\\\/\",\"name\":\"Een vooruitblik op FC Utrecht en het co\u00ebffici\u00ebntensaldo van Nederland - Spotlight\",\"isPartOf\":{\"@id\":\"https:\\\/\\\/svjmedia.nl\\\/spotlight\\\/#website\"},\"primaryImageOfPage\":{\"@id\":\"https:\\\/\\\/svjmedia.nl\\\/spotlight\\\/719\\\/een-vooruitblik-op-fc-utrecht-en-het-coefficientensaldo-van-nederland\\\/#primaryimage\"},\"image\":{\"@id\":\"https:\\\/\\\/svjmedia.nl\\\/spotlight\\\/719\\\/een-vooruitblik-op-fc-utrecht-en-het-coefficientensaldo-van-nederland\\\/#primaryimage\"},\"thumbnailUrl\":\"https:\\\/\\\/svjmedia.nl\\\/spotlight\\\/wp-content\\\/uploads\\\/sites\\\/1806\\\/2025\\\/10\\\/WhatsApp-Image-2025-10-02-at-09.26.19.jpeg\",\"datePublished\":\"2025-10-02T07:49:00+00:00\",\"dateModified\":\"2025-10-02T09:15:10+00:00\",\"author\":{\"@id\":\"https:\\\/\\\/svjmedia.nl\\\/spotlight\\\/#\\\/schema\\\/person\\\/24dec061318e6e5c7bb8dfc557154e57\"},\"breadcrumb\":{\"@id\":\"https:\\\/\\\/svjmedia.nl\\\/spotlight\\\/719\\\/een-vooruitblik-op-fc-utrecht-en-het-coefficientensaldo-van-nederland\\\/#breadcrumb\"},\"inLanguage\":\"nl-NL\",\"potentialAction\":[{\"@type\":\"ReadAction\",\"target\":[\"https:\\\/\\\/svjmedia.nl\\\/spotlight\\\/719\\\/een-vooruitblik-op-fc-utrecht-en-het-coefficientensaldo-van-nederland\\\/\"]}]},{\"@type\":\"ImageObject\",\"inLanguage\":\"nl-NL\",\"@id\":\"https:\\\/\\\/svjmedia.nl\\\/spotlight\\\/719\\\/een-vooruitblik-op-fc-utrecht-en-het-coefficientensaldo-van-nederland\\\/#primaryimage\",\"url\":\"https:\\\/\\\/svjmedia.nl\\\/spotlight\\\/wp-content\\\/uploads\\\/sites\\\/1806\\\/2025\\\/10\\\/WhatsApp-Image-2025-10-02-at-09.26.19.jpeg\",\"contentUrl\":\"https:\\\/\\\/svjmedia.nl\\\/spotlight\\\/wp-content\\\/uploads\\\/sites\\\/1806\\\/2025\\\/10\\\/WhatsApp-Image-2025-10-02-at-09.26.19.jpeg\",\"width\":736,\"height\":1600,\"caption\":\"Foto: Tijl Schraa\"},{\"@type\":\"BreadcrumbList\",\"@id\":\"https:\\\/\\\/svjmedia.nl\\\/spotlight\\\/719\\\/een-vooruitblik-op-fc-utrecht-en-het-coefficientensaldo-van-nederland\\\/#breadcrumb\",\"itemListElement\":[{\"@type\":\"ListItem\",\"position\":1,\"name\":\"Home\",\"item\":\"https:\\\/\\\/svjmedia.nl\\\/spotlight\\\/\"},{\"@type\":\"ListItem\",\"position\":2,\"name\":\"Een vooruitblik op FC Utrecht en het co\u00ebffici\u00ebntensaldo van Nederland\"}]},{\"@type\":\"WebSite\",\"@id\":\"https:\\\/\\\/svjmedia.nl\\\/spotlight\\\/#website\",\"url\":\"https:\\\/\\\/svjmedia.nl\\\/spotlight\\\/\",\"name\":\"Spotlight\",\"description\":\"HU School voor Journalistiek Regiosite\",\"potentialAction\":[{\"@type\":\"SearchAction\",\"target\":{\"@type\":\"EntryPoint\",\"urlTemplate\":\"https:\\\/\\\/svjmedia.nl\\\/spotlight\\\/?s={search_term_string}\"},\"query-input\":{\"@type\":\"PropertyValueSpecification\",\"valueRequired\":true,\"valueName\":\"search_term_string\"}}],\"inLanguage\":\"nl-NL\"},{\"@type\":\"Person\",\"@id\":\"https:\\\/\\\/svjmedia.nl\\\/spotlight\\\/#\\\/schema\\\/person\\\/24dec061318e6e5c7bb8dfc557154e57\",\"name\":\"Bas Otte\",\"image\":{\"@type\":\"ImageObject\",\"inLanguage\":\"nl-NL\",\"@id\":\"https:\\\/\\\/svjmedia.nl\\\/spotlight\\\/wp-content\\\/uploads\\\/sites\\\/1806\\\/2025\\\/09\\\/IMG_2726-96x96.jpeg\",\"url\":\"https:\\\/\\\/svjmedia.nl\\\/spotlight\\\/wp-content\\\/uploads\\\/sites\\\/1806\\\/2025\\\/09\\\/IMG_2726-96x96.jpeg\",\"contentUrl\":\"https:\\\/\\\/svjmedia.nl\\\/spotlight\\\/wp-content\\\/uploads\\\/sites\\\/1806\\\/2025\\\/09\\\/IMG_2726-96x96.jpeg\",\"caption\":\"Bas Otte\"},\"description\":\"Hallo! Mijn naam is Bas Otte, ik ben 20 jaar en kom uit het mooie Weesp. Ik heb in 2023 mijn havodiploma behaald op het Vechtstede College en ik ben er na mijn tussenjaar meer dan klaar voor om met veel motivatie mijn studiejaren op de School van Journalistiek te doorlopen. Mijn interesses liggen vooral bij sport en politiek, maar ik ben vanuit journalistiek oogpunt voor alles vatbaar. Ik hoop dat je met veel plezier naar mijn producties zal kijken! Heb je vragen of opmerkingen? Mail mij! bas.otte@student.hu.nl\",\"sameAs\":[\"https:\\\/\\\/www.facebook.com\\\/bas.otte.1\\\/\",\"https:\\\/\\\/www.instagram.com\\\/bas._.otte\\\/\",\"https:\\\/\\\/www.linkedin.com\\\/in\\\/bas-otte-273144203\\\/\"],\"url\":\"https:\\\/\\\/svjmedia.nl\\\/spotlight\\\/author\\\/bas-otte\\\/\"}]}<\/script>\n<!-- \/ Yoast SEO plugin. -->","yoast_head_json":{"title":"Een vooruitblik op FC Utrecht en het co\u00ebffici\u00ebntensaldo van Nederland - Spotlight","robots":{"index":"noindex","follow":"follow","max-snippet":"max-snippet:-1","max-image-preview":"max-image-preview:large","max-video-preview":"max-video-preview:-1"},"og_locale":"nl_NL","og_type":"article","og_title":"Een vooruitblik op FC Utrecht en het co\u00ebffici\u00ebntensaldo van Nederland - Spotlight","og_description":"Vorige week speelde FC Utrecht haar eerste thuiswedstrijd in de Europa League na 15 jaar. Er werd weliswaar verloren tegen Olympique Lyon, het publiek was goed te spreken over het spel dat Utrecht op de mat wist te leggen. &nbsp; Waar het sportief nog goed ging met Utrecht, ging het rondom het stadion en in [&hellip;]","og_url":"https:\/\/svjmedia.nl\/spotlight\/719\/een-vooruitblik-op-fc-utrecht-en-het-coefficientensaldo-van-nederland\/","og_site_name":"Spotlight","article_author":"https:\/\/www.facebook.com\/bas.otte.1\/","article_published_time":"2025-10-02T07:49:00+00:00","article_modified_time":"2025-10-02T09:15:10+00:00","og_image":[{"width":736,"height":1600,"url":"https:\/\/svjmedia.nl\/spotlight\/wp-content\/uploads\/sites\/1806\/2025\/10\/WhatsApp-Image-2025-10-02-at-09.26.19.jpeg","type":"image\/jpeg"}],"author":"Bas Otte","twitter_card":"summary_large_image","twitter_misc":{"Geschreven door":"Bas Otte","Geschatte leestijd":"1 minuut"},"schema":{"@context":"https:\/\/schema.org","@graph":[{"@type":"Article","@id":"https:\/\/svjmedia.nl\/spotlight\/719\/een-vooruitblik-op-fc-utrecht-en-het-coefficientensaldo-van-nederland\/#article","isPartOf":{"@id":"https:\/\/svjmedia.nl\/spotlight\/719\/een-vooruitblik-op-fc-utrecht-en-het-coefficientensaldo-van-nederland\/"},"author":{"name":"Bas Otte","@id":"https:\/\/svjmedia.nl\/spotlight\/#\/schema\/person\/24dec061318e6e5c7bb8dfc557154e57"},"headline":"Een vooruitblik op FC Utrecht en het co\u00ebffici\u00ebntensaldo van Nederland","datePublished":"2025-10-02T07:49:00+00:00","dateModified":"2025-10-02T09:15:10+00:00","mainEntityOfPage":{"@id":"https:\/\/svjmedia.nl\/spotlight\/719\/een-vooruitblik-op-fc-utrecht-en-het-coefficientensaldo-van-nederland\/"},"wordCount":236,"image":{"@id":"https:\/\/svjmedia.nl\/spotlight\/719\/een-vooruitblik-op-fc-utrecht-en-het-coefficientensaldo-van-nederland\/#primaryimage"},"thumbnailUrl":"https:\/\/svjmedia.nl\/spotlight\/wp-content\/uploads\/sites\/1806\/2025\/10\/WhatsApp-Image-2025-10-02-at-09.26.19.jpeg","articleSection":["Sport"],"inLanguage":"nl-NL"},{"@type":"WebPage","@id":"https:\/\/svjmedia.nl\/spotlight\/719\/een-vooruitblik-op-fc-utrecht-en-het-coefficientensaldo-van-nederland\/","url":"https:\/\/svjmedia.nl\/spotlight\/719\/een-vooruitblik-op-fc-utrecht-en-het-coefficientensaldo-van-nederland\/","name":"Een vooruitblik op FC Utrecht en het co\u00ebffici\u00ebntensaldo van Nederland - Spotlight","isPartOf":{"@id":"https:\/\/svjmedia.nl\/spotlight\/#website"},"primaryImageOfPage":{"@id":"https:\/\/svjmedia.nl\/spotlight\/719\/een-vooruitblik-op-fc-utrecht-en-het-coefficientensaldo-van-nederland\/#primaryimage"},"image":{"@id":"https:\/\/svjmedia.nl\/spotlight\/719\/een-vooruitblik-op-fc-utrecht-en-het-coefficientensaldo-van-nederland\/#primaryimage"},"thumbnailUrl":"https:\/\/svjmedia.nl\/spotlight\/wp-content\/uploads\/sites\/1806\/2025\/10\/WhatsApp-Image-2025-10-02-at-09.26.19.jpeg","datePublished":"2025-10-02T07:49:00+00:00","dateModified":"2025-10-02T09:15:10+00:00","author":{"@id":"https:\/\/svjmedia.nl\/spotlight\/#\/schema\/person\/24dec061318e6e5c7bb8dfc557154e57"},"breadcrumb":{"@id":"https:\/\/svjmedia.nl\/spotlight\/719\/een-vooruitblik-op-fc-utrecht-en-het-coefficientensaldo-van-nederland\/#breadcrumb"},"inLanguage":"nl-NL","potentialAction":[{"@type":"ReadAction","target":["https:\/\/svjmedia.nl\/spotlight\/719\/een-vooruitblik-op-fc-utrecht-en-het-coefficientensaldo-van-nederland\/"]}]},{"@type":"ImageObject","inLanguage":"nl-NL","@id":"https:\/\/svjmedia.nl\/spotlight\/719\/een-vooruitblik-op-fc-utrecht-en-het-coefficientensaldo-van-nederland\/#primaryimage","url":"https:\/\/svjmedia.nl\/spotlight\/wp-content\/uploads\/sites\/1806\/2025\/10\/WhatsApp-Image-2025-10-02-at-09.26.19.jpeg","contentUrl":"https:\/\/svjmedia.nl\/spotlight\/wp-content\/uploads\/sites\/1806\/2025\/10\/WhatsApp-Image-2025-10-02-at-09.26.19.jpeg","width":736,"height":1600,"caption":"Foto: Tijl Schraa"},{"@type":"BreadcrumbList","@id":"https:\/\/svjmedia.nl\/spotlight\/719\/een-vooruitblik-op-fc-utrecht-en-het-coefficientensaldo-van-nederland\/#breadcrumb","itemListElement":[{"@type":"ListItem","position":1,"name":"Home","item":"https:\/\/svjmedia.nl\/spotlight\/"},{"@type":"ListItem","position":2,"name":"Een vooruitblik op FC Utrecht en het co\u00ebffici\u00ebntensaldo van Nederland"}]},{"@type":"WebSite","@id":"https:\/\/svjmedia.nl\/spotlight\/#website","url":"https:\/\/svjmedia.nl\/spotlight\/","name":"Spotlight","description":"HU School voor Journalistiek Regiosite","potentialAction":[{"@type":"SearchAction","target":{"@type":"EntryPoint","urlTemplate":"https:\/\/svjmedia.nl\/spotlight\/?s={search_term_string}"},"query-input":{"@type":"PropertyValueSpecification","valueRequired":true,"valueName":"search_term_string"}}],"inLanguage":"nl-NL"},{"@type":"Person","@id":"https:\/\/svjmedia.nl\/spotlight\/#\/schema\/person\/24dec061318e6e5c7bb8dfc557154e57","name":"Bas Otte","image":{"@type":"ImageObject","inLanguage":"nl-NL","@id":"https:\/\/svjmedia.nl\/spotlight\/wp-content\/uploads\/sites\/1806\/2025\/09\/IMG_2726-96x96.jpeg","url":"https:\/\/svjmedia.nl\/spotlight\/wp-content\/uploads\/sites\/1806\/2025\/09\/IMG_2726-96x96.jpeg","contentUrl":"https:\/\/svjmedia.nl\/spotlight\/wp-content\/uploads\/sites\/1806\/2025\/09\/IMG_2726-96x96.jpeg","caption":"Bas Otte"},"description":"Hallo! Mijn naam is Bas Otte, ik ben 20 jaar en kom uit het mooie Weesp. Ik heb in 2023 mijn havodiploma behaald op het Vechtstede College en ik ben er na mijn tussenjaar meer dan klaar voor om met veel motivatie mijn studiejaren op de School van Journalistiek te doorlopen. Mijn interesses liggen vooral bij sport en politiek, maar ik ben vanuit journalistiek oogpunt voor alles vatbaar. Ik hoop dat je met veel plezier naar mijn producties zal kijken! Heb je vragen of opmerkingen? Mail mij! bas.otte@student.hu.nl","sameAs":["https:\/\/www.facebook.com\/bas.otte.1\/","https:\/\/www.instagram.com\/bas._.otte\/","https:\/\/www.linkedin.com\/in\/bas-otte-273144203\/"],"url":"https:\/\/svjmedia.nl\/spotlight\/author\/bas-otte\/"}]}},"_links":{"self":[{"href":"https:\/\/svjmedia.nl\/spotlight\/wp-json\/wp\/v2\/posts\/719","targetHints":{"allow":["GET"]}}],"collection":[{"href":"https:\/\/svjmedia.nl\/spotlight\/wp-json\/wp\/v2\/posts"}],"about":[{"href":"https:\/\/svjmedia.nl\/spotlight\/wp-json\/wp\/v2\/types\/post"}],"author":[{"embeddable":true,"href":"https:\/\/svjmedia.nl\/spotlight\/wp-json\/wp\/v2\/users\/3530"}],"replies":[{"embeddable":true,"href":"https:\/\/svjmedia.nl\/spotlight\/wp-json\/wp\/v2\/comments?post=719"}],"version-history":[{"count":2,"href":"https:\/\/svjmedia.nl\/spotlight\/wp-json\/wp\/v2\/posts\/719\/revisions"}],"predecessor-version":[{"id":722,"href":"https:\/\/svjmedia.nl\/spotlight\/wp-json\/wp\/v2\/posts\/719\/revisions\/722"}],"wp:featuredmedia":[{"embeddable":true,"href":"https:\/\/svjmedia.nl\/spotlight\/wp-json\/wp\/v2\/media\/720"}],"wp:attachment":[{"href":"https:\/\/svjmedia.nl\/spotlight\/wp-json\/wp\/v2\/media?parent=719"}],"wp:term":[{"taxonomy":"category","embeddable":true,"href":"https:\/\/svjmedia.nl\/spotlight\/wp-json\/wp\/v2\/categories?post=719"},{"taxonomy":"post_tag","embeddable":true,"href":"https:\/\/svjmedia.nl\/spotlight\/wp-json\/wp\/v2\/tags?post=719"}],"curies":[{"name":"wp","href":"https:\/\/api.w.org\/{rel}","templated":true}]}}