{"id":3041,"date":"2026-04-23T13:59:31","date_gmt":"2026-04-23T11:59:31","guid":{"rendered":"https:\/\/svjmedia.nl\/upd8\/?p=3041"},"modified":"2026-04-23T16:14:53","modified_gmt":"2026-04-23T14:14:53","slug":"de-heinekenontvoering-en-de-nasleep-in-de-rechtszaal","status":"publish","type":"post","link":"https:\/\/svjmedia.nl\/upd8\/3041\/de-heinekenontvoering-en-de-nasleep-in-de-rechtszaal\/","title":{"rendered":"De Heinekenontvoering en de nasleep in de rechtszaal"},"content":{"rendered":"<p><em>Bron: ANP<\/em><\/p>\n<p><strong>In de jaren \u201980 kreeg misdaad steeds meer aandacht. Criminelen gingen anders te werk en grote zaken beheersten het nieuws.\u00a0Sommige betrokkenen,\u00a0zoals\u00a0Willem\u00a0Holleeder, groeiden zelfs uit tot bekende gezichten van de Nederlandse criminaliteit.\u00a0In deze video duiken we in \u00e9\u00e9n van de meest spraakmakende zaken uit die tijd: de\u00a0Heinekenontvoering.\u00a0<\/strong><\/p>\n<p><span data-olk-copy-source=\"MessageBody\"><div class=\"humamvideo\" style=\"position:relative;overflow:hidden;width:100%;padding-top: 56.25%;margin:20px 0px;\"><iframe style=\"position:absolute;top:0;left:0;bottom:0;right:0;width:100%;height:100%;\" src=\"https:\/\/stream.hu.nl\/players\/Wxkh60B8-Kv4Phafj.html\" frameborder=\"0\" allow=\"accelerometer; autoplay; clipboard-write; encrypted-media; gyroscope; picture-in-picture\" allowfullscreen><\/iframe><\/div><\/span><\/p>\n<p><span data-contrast=\"auto\">Ook na de\u00a0Heinekenontvoering was de zaak nog langer in beeld.\u00a0Advocaat\u00a0Jens van den Brink\u00a0trad namens mediabedrijf\u00a0IDTV\u00a0in het kort geding rond de film over de beruchte\u00a0Heinekenontvoering\u00a0in 2011. De zaak kreeg veel media-aandacht, mede doordat\u00a0de\u00a0hoofdrol in het verhaal,\u00a0Willem\u00a0Holleeder, bezwaar maakte tegen zijn portrettering in de film van regisseur\u00a0Maarten Treurniet.<\/span><span data-ccp-props=\"{&quot;134233117&quot;:true,&quot;134233118&quot;:true,&quot;201341983&quot;:0,&quot;335559740&quot;:240}\">\u00a0<\/span><\/p>\n<p><span data-contrast=\"auto\">Van den Brink vertelt dat\u00a0Holleeder\u00a0eerder\u00a0bij de zitting aanwezig zou zijn: \u201cWillem\u00a0Holleeder\u00a0zat al in de gevangenis en zou oorspronkelijk naast mij plaatsnemen, maar uiteindelijk mocht hij niet komen vanwege de grote risico\u2019s volgens de minister.\u201d In plaats daarvan stuurde\u00a0Holleeder\u00a0een verklaring. \u201cHij had een handgeschreven verklaring gestuurd, dat gebeurt niet vaak,\u00a0waarin hij probeerde duidelijk te maken dat de film de waarheid niet correct weergeeft.\u201d\u00a0<\/span><\/p>\n<p>Volgens Van den Brink draaide het bezwaar vooral om reputatieschade. \u201cWillem\u00a0<span data-ccp-parastyle=\"Normal (Web)\">Holleeder<\/span><span data-ccp-parastyle=\"Normal (Web)\">\u00a0vond dat hij te negatief in beeld was gebracht. Hij zei: \u2018ik heb Heineken ontvoerd, maar dit is niet zoals het gegaan is.\u2019\u201d De advocaat reageert daar nuchter op: \u201cDan denk ik ja, dan moet je Heineken maar niet ontvoeren, want dan mogen filmmakers een film\u00a0<\/span><span data-ccp-parastyle=\"Normal (Web)\">ervan<\/span><span data-ccp-parastyle=\"Normal (Web)\">\u00a0maken en dan hoeven ze niet exact te houden aan de exacte situatie.\u201d<\/span><span data-ccp-props=\"{&quot;134233117&quot;:true,&quot;134233118&quot;:true,&quot;201341983&quot;:0,&quot;335559740&quot;:240}\">\u00a0<\/span><\/p>\n<p><span data-contrast=\"auto\">\u201cHet waren een soort gentleman-criminelen, die vrouwen nooit zouden aanraken,\u201d citeert Van den Brink de verdediging. De ontvoerders waren volgens Van den Brink gewend dat h\u00fan kant van het verhaal verteld werd, zoals bij het boek van\u00a0Peter R. de Vries. In dit geval was dit h\u00e9t verhaal en dat waren ze niet gewend.<\/span><span data-ccp-props=\"{&quot;134233117&quot;:true,&quot;134233118&quot;:true,&quot;201341983&quot;:0,&quot;335559740&quot;:240}\">\u00a0<\/span><\/p>\n<p><span data-contrast=\"auto\">Een specifiek punt van kritiek betrof een gewelddadige sc\u00e8ne. \u201cEr zat bijvoorbeeld een sc\u00e8ne in dat \u00e9\u00e9n van de ontvoerders zijn vriendin sloeg tot een blauw oog en dat vond de ontvoerder slecht voor zijn reputatie.\u201d De rechter ging daar niet in mee, aldus Van den Brink: de bezwaren vielen in het niet bij de ernst van de misdaad.<\/span><span data-ccp-props=\"{&quot;134233117&quot;:true,&quot;134233118&quot;:true,&quot;201341983&quot;:0,&quot;335559740&quot;:240}\">\u00a0<\/span><\/p>\n<p><span data-contrast=\"auto\">De rechter besloot uiteindelijk dat de film mocht blijven\u00a0draaien. De vrijheid om een waargebeurd verhaal te vertellen was belangrijker dan de klacht van de veroordeelden dat ze\u00a0slecht gepersifleerd werden.\u00a0<\/span><span data-ccp-props=\"{&quot;134233117&quot;:true,&quot;134233118&quot;:true,&quot;201341983&quot;:0,&quot;335559740&quot;:240}\">\u00a0<\/span><\/p>\n<p><span data-contrast=\"auto\">Daardoor bleef de film over de Heinekenontvoering te zien\u00a0in Nederland en werd duidelijk dat dit soort grote misdaadzaken ook later nog opnieuw verteld en verfilmd mogen worden. Ook als de betrokkenen het daar niet mee eens zijn.\u00a0Van den Brink eindigt met een duidelijke conclusie: \u201cIk raad het iedereen aan om de film te gaan kijken.\u201d<\/span><span data-ccp-props=\"{&quot;134233117&quot;:true,&quot;134233118&quot;:true,&quot;201341983&quot;:0,&quot;335559740&quot;:240}\">\u00a0<\/span><\/p>\n","protected":false},"excerpt":{"rendered":"<p>In de jaren \u201980 kreeg misdaad steeds meer aandacht. Criminelen gingen anders te werk en grote zaken beheersten het nieuws.\u00a0Sommige betrokkenen,\u00a0zoals\u00a0Willem\u00a0Holleeder, groeiden zelfs uit tot bekende gezichten van de Nederlandse criminaliteit.\u00a0In deze video duiken we in \u00e9\u00e9n van de meest spraakmakende zaken uit die tijd: de\u00a0Heinekenontvoering.\u00a0<\/p>\n","protected":false},"author":3478,"featured_media":3043,"comment_status":"closed","ping_status":"closed","sticky":false,"template":"","format":"standard","meta":{"_acf_changed":false,"_et_pb_use_builder":"","_et_pb_old_content":"","_et_gb_content_width":"","footnotes":""},"categories":[1],"tags":[343,342],"class_list":["post-3041","post","type-post","status-publish","format-standard","has-post-thumbnail","hentry","category-binnenland","tag-jaren-80","tag-misdaad","et-has-post-format-content","et_post_format-et-post-format-standard"],"acf":[],"yoast_head":"<!-- This site is optimized with the Yoast SEO plugin v27.4 - https:\/\/yoast.com\/product\/yoast-seo-wordpress\/ -->\n<title>De Heinekenontvoering en de nasleep in de rechtszaal - UPD8<\/title>\n<meta name=\"robots\" content=\"noindex, follow, max-snippet:-1, max-image-preview:large, max-video-preview:-1\" \/>\n<meta property=\"og:locale\" content=\"nl_NL\" \/>\n<meta property=\"og:type\" content=\"article\" \/>\n<meta property=\"og:title\" content=\"De Heinekenontvoering en de nasleep in de rechtszaal - UPD8\" \/>\n<meta property=\"og:description\" content=\"In de jaren \u201980 kreeg misdaad steeds meer aandacht. Criminelen gingen anders te werk en grote zaken beheersten het nieuws.\u00a0Sommige betrokkenen,\u00a0zoals\u00a0Willem\u00a0Holleeder, groeiden zelfs uit tot bekende gezichten van de Nederlandse criminaliteit.\u00a0In deze video duiken we in \u00e9\u00e9n van de meest spraakmakende zaken uit die tijd: de\u00a0Heinekenontvoering.\u00a0\" \/>\n<meta property=\"og:url\" content=\"https:\/\/svjmedia.nl\/upd8\/3041\/de-heinekenontvoering-en-de-nasleep-in-de-rechtszaal\/\" \/>\n<meta property=\"og:site_name\" content=\"UPD8\" \/>\n<meta property=\"article:published_time\" content=\"2026-04-23T11:59:31+00:00\" \/>\n<meta property=\"article:modified_time\" content=\"2026-04-23T14:14:53+00:00\" \/>\n<meta property=\"og:image\" content=\"https:\/\/svjmedia.nl\/upd8\/wp-content\/uploads\/sites\/1808\/2026\/04\/Cor-van-Hout-en-Willem-Holleeder-1024x576.png\" \/>\n\t<meta property=\"og:image:width\" content=\"1024\" \/>\n\t<meta property=\"og:image:height\" content=\"576\" \/>\n\t<meta property=\"og:image:type\" content=\"image\/png\" \/>\n<meta name=\"author\" content=\"Sofie Bouwmeester\" \/>\n<meta name=\"twitter:card\" content=\"summary_large_image\" \/>\n<meta name=\"twitter:label1\" content=\"Geschreven door\" \/>\n\t<meta name=\"twitter:data1\" content=\"Sofie Bouwmeester\" \/>\n\t<meta name=\"twitter:label2\" content=\"Geschatte leestijd\" \/>\n\t<meta name=\"twitter:data2\" content=\"2 minuten\" \/>\n<script type=\"application\/ld+json\" class=\"yoast-schema-graph\">{\"@context\":\"https:\\\/\\\/schema.org\",\"@graph\":[{\"@type\":\"Article\",\"@id\":\"https:\\\/\\\/svjmedia.nl\\\/upd8\\\/3041\\\/de-heinekenontvoering-en-de-nasleep-in-de-rechtszaal\\\/#article\",\"isPartOf\":{\"@id\":\"https:\\\/\\\/svjmedia.nl\\\/upd8\\\/3041\\\/de-heinekenontvoering-en-de-nasleep-in-de-rechtszaal\\\/\"},\"author\":{\"name\":\"Sofie Bouwmeester\",\"@id\":\"https:\\\/\\\/svjmedia.nl\\\/upd8\\\/#\\\/schema\\\/person\\\/b519c65fbf9b9a73a4016ec4b34a90fe\"},\"headline\":\"De Heinekenontvoering en de nasleep in de rechtszaal\",\"datePublished\":\"2026-04-23T11:59:31+00:00\",\"dateModified\":\"2026-04-23T14:14:53+00:00\",\"mainEntityOfPage\":{\"@id\":\"https:\\\/\\\/svjmedia.nl\\\/upd8\\\/3041\\\/de-heinekenontvoering-en-de-nasleep-in-de-rechtszaal\\\/\"},\"wordCount\":473,\"image\":{\"@id\":\"https:\\\/\\\/svjmedia.nl\\\/upd8\\\/3041\\\/de-heinekenontvoering-en-de-nasleep-in-de-rechtszaal\\\/#primaryimage\"},\"thumbnailUrl\":\"https:\\\/\\\/svjmedia.nl\\\/upd8\\\/wp-content\\\/uploads\\\/sites\\\/1808\\\/2026\\\/04\\\/Cor-van-Hout-en-Willem-Holleeder.png\",\"keywords\":[\"Jaren 80\",\"Misdaad\"],\"articleSection\":[\"Binnenland\"],\"inLanguage\":\"nl-NL\"},{\"@type\":\"WebPage\",\"@id\":\"https:\\\/\\\/svjmedia.nl\\\/upd8\\\/3041\\\/de-heinekenontvoering-en-de-nasleep-in-de-rechtszaal\\\/\",\"url\":\"https:\\\/\\\/svjmedia.nl\\\/upd8\\\/3041\\\/de-heinekenontvoering-en-de-nasleep-in-de-rechtszaal\\\/\",\"name\":\"De Heinekenontvoering en de nasleep in de rechtszaal - UPD8\",\"isPartOf\":{\"@id\":\"https:\\\/\\\/svjmedia.nl\\\/upd8\\\/#website\"},\"primaryImageOfPage\":{\"@id\":\"https:\\\/\\\/svjmedia.nl\\\/upd8\\\/3041\\\/de-heinekenontvoering-en-de-nasleep-in-de-rechtszaal\\\/#primaryimage\"},\"image\":{\"@id\":\"https:\\\/\\\/svjmedia.nl\\\/upd8\\\/3041\\\/de-heinekenontvoering-en-de-nasleep-in-de-rechtszaal\\\/#primaryimage\"},\"thumbnailUrl\":\"https:\\\/\\\/svjmedia.nl\\\/upd8\\\/wp-content\\\/uploads\\\/sites\\\/1808\\\/2026\\\/04\\\/Cor-van-Hout-en-Willem-Holleeder.png\",\"datePublished\":\"2026-04-23T11:59:31+00:00\",\"dateModified\":\"2026-04-23T14:14:53+00:00\",\"author\":{\"@id\":\"https:\\\/\\\/svjmedia.nl\\\/upd8\\\/#\\\/schema\\\/person\\\/b519c65fbf9b9a73a4016ec4b34a90fe\"},\"breadcrumb\":{\"@id\":\"https:\\\/\\\/svjmedia.nl\\\/upd8\\\/3041\\\/de-heinekenontvoering-en-de-nasleep-in-de-rechtszaal\\\/#breadcrumb\"},\"inLanguage\":\"nl-NL\",\"potentialAction\":[{\"@type\":\"ReadAction\",\"target\":[\"https:\\\/\\\/svjmedia.nl\\\/upd8\\\/3041\\\/de-heinekenontvoering-en-de-nasleep-in-de-rechtszaal\\\/\"]}]},{\"@type\":\"ImageObject\",\"inLanguage\":\"nl-NL\",\"@id\":\"https:\\\/\\\/svjmedia.nl\\\/upd8\\\/3041\\\/de-heinekenontvoering-en-de-nasleep-in-de-rechtszaal\\\/#primaryimage\",\"url\":\"https:\\\/\\\/svjmedia.nl\\\/upd8\\\/wp-content\\\/uploads\\\/sites\\\/1808\\\/2026\\\/04\\\/Cor-van-Hout-en-Willem-Holleeder.png\",\"contentUrl\":\"https:\\\/\\\/svjmedia.nl\\\/upd8\\\/wp-content\\\/uploads\\\/sites\\\/1808\\\/2026\\\/04\\\/Cor-van-Hout-en-Willem-Holleeder.png\",\"width\":1600,\"height\":900},{\"@type\":\"BreadcrumbList\",\"@id\":\"https:\\\/\\\/svjmedia.nl\\\/upd8\\\/3041\\\/de-heinekenontvoering-en-de-nasleep-in-de-rechtszaal\\\/#breadcrumb\",\"itemListElement\":[{\"@type\":\"ListItem\",\"position\":1,\"name\":\"Home\",\"item\":\"https:\\\/\\\/svjmedia.nl\\\/upd8\\\/\"},{\"@type\":\"ListItem\",\"position\":2,\"name\":\"De Heinekenontvoering en de nasleep in de rechtszaal\"}]},{\"@type\":\"WebSite\",\"@id\":\"https:\\\/\\\/svjmedia.nl\\\/upd8\\\/#website\",\"url\":\"https:\\\/\\\/svjmedia.nl\\\/upd8\\\/\",\"name\":\"UPD8\",\"description\":\"HU School voor Journalistiek Regiosite\",\"potentialAction\":[{\"@type\":\"SearchAction\",\"target\":{\"@type\":\"EntryPoint\",\"urlTemplate\":\"https:\\\/\\\/svjmedia.nl\\\/upd8\\\/?s={search_term_string}\"},\"query-input\":{\"@type\":\"PropertyValueSpecification\",\"valueRequired\":true,\"valueName\":\"search_term_string\"}}],\"inLanguage\":\"nl-NL\"},{\"@type\":\"Person\",\"@id\":\"https:\\\/\\\/svjmedia.nl\\\/upd8\\\/#\\\/schema\\\/person\\\/b519c65fbf9b9a73a4016ec4b34a90fe\",\"name\":\"Sofie Bouwmeester\",\"image\":{\"@type\":\"ImageObject\",\"inLanguage\":\"nl-NL\",\"@id\":\"https:\\\/\\\/svjmedia.nl\\\/upd8\\\/wp-content\\\/uploads\\\/sites\\\/1808\\\/2026\\\/03\\\/SOFIEB.3._Original-96x96.jpeg\",\"url\":\"https:\\\/\\\/svjmedia.nl\\\/upd8\\\/wp-content\\\/uploads\\\/sites\\\/1808\\\/2026\\\/03\\\/SOFIEB.3._Original-96x96.jpeg\",\"contentUrl\":\"https:\\\/\\\/svjmedia.nl\\\/upd8\\\/wp-content\\\/uploads\\\/sites\\\/1808\\\/2026\\\/03\\\/SOFIEB.3._Original-96x96.jpeg\",\"caption\":\"Sofie Bouwmeester\"},\"description\":\"Sofie Bouwmeester is een beginnend journalist. Zij is ge\u00efnteresseerd in de wereld om haar heen en houd van verhalen vertellen, vooral schriftelijk en in video kan zij haar ei kwijt. Creativiteit is een belangrijk aspect in haar nieuwsgierige karakter. Momenteel werkt ze als horecamedewerker in een Frans-Aziatisch restaurant in het Gooi en ze hoopt in de toekomst verder te kunnen in de jeugdjournalistiek (NOS)\",\"sameAs\":[\"https:\\\/\\\/www.linkedin.com\\\/in\\\/sofie-bouwmeester-604446292\\\/\"],\"url\":\"https:\\\/\\\/svjmedia.nl\\\/upd8\\\/author\\\/sofie-bouwmeester\\\/\"}]}<\/script>\n<!-- \/ Yoast SEO plugin. -->","yoast_head_json":{"title":"De Heinekenontvoering en de nasleep in de rechtszaal - UPD8","robots":{"index":"noindex","follow":"follow","max-snippet":"max-snippet:-1","max-image-preview":"max-image-preview:large","max-video-preview":"max-video-preview:-1"},"og_locale":"nl_NL","og_type":"article","og_title":"De Heinekenontvoering en de nasleep in de rechtszaal - UPD8","og_description":"In de jaren \u201980 kreeg misdaad steeds meer aandacht. Criminelen gingen anders te werk en grote zaken beheersten het nieuws.\u00a0Sommige betrokkenen,\u00a0zoals\u00a0Willem\u00a0Holleeder, groeiden zelfs uit tot bekende gezichten van de Nederlandse criminaliteit.\u00a0In deze video duiken we in \u00e9\u00e9n van de meest spraakmakende zaken uit die tijd: de\u00a0Heinekenontvoering.\u00a0","og_url":"https:\/\/svjmedia.nl\/upd8\/3041\/de-heinekenontvoering-en-de-nasleep-in-de-rechtszaal\/","og_site_name":"UPD8","article_published_time":"2026-04-23T11:59:31+00:00","article_modified_time":"2026-04-23T14:14:53+00:00","og_image":[{"width":1024,"height":576,"url":"https:\/\/svjmedia.nl\/upd8\/wp-content\/uploads\/sites\/1808\/2026\/04\/Cor-van-Hout-en-Willem-Holleeder-1024x576.png","type":"image\/png"}],"author":"Sofie Bouwmeester","twitter_card":"summary_large_image","twitter_misc":{"Geschreven door":"Sofie Bouwmeester","Geschatte leestijd":"2 minuten"},"schema":{"@context":"https:\/\/schema.org","@graph":[{"@type":"Article","@id":"https:\/\/svjmedia.nl\/upd8\/3041\/de-heinekenontvoering-en-de-nasleep-in-de-rechtszaal\/#article","isPartOf":{"@id":"https:\/\/svjmedia.nl\/upd8\/3041\/de-heinekenontvoering-en-de-nasleep-in-de-rechtszaal\/"},"author":{"name":"Sofie Bouwmeester","@id":"https:\/\/svjmedia.nl\/upd8\/#\/schema\/person\/b519c65fbf9b9a73a4016ec4b34a90fe"},"headline":"De Heinekenontvoering en de nasleep in de rechtszaal","datePublished":"2026-04-23T11:59:31+00:00","dateModified":"2026-04-23T14:14:53+00:00","mainEntityOfPage":{"@id":"https:\/\/svjmedia.nl\/upd8\/3041\/de-heinekenontvoering-en-de-nasleep-in-de-rechtszaal\/"},"wordCount":473,"image":{"@id":"https:\/\/svjmedia.nl\/upd8\/3041\/de-heinekenontvoering-en-de-nasleep-in-de-rechtszaal\/#primaryimage"},"thumbnailUrl":"https:\/\/svjmedia.nl\/upd8\/wp-content\/uploads\/sites\/1808\/2026\/04\/Cor-van-Hout-en-Willem-Holleeder.png","keywords":["Jaren 80","Misdaad"],"articleSection":["Binnenland"],"inLanguage":"nl-NL"},{"@type":"WebPage","@id":"https:\/\/svjmedia.nl\/upd8\/3041\/de-heinekenontvoering-en-de-nasleep-in-de-rechtszaal\/","url":"https:\/\/svjmedia.nl\/upd8\/3041\/de-heinekenontvoering-en-de-nasleep-in-de-rechtszaal\/","name":"De Heinekenontvoering en de nasleep in de rechtszaal - UPD8","isPartOf":{"@id":"https:\/\/svjmedia.nl\/upd8\/#website"},"primaryImageOfPage":{"@id":"https:\/\/svjmedia.nl\/upd8\/3041\/de-heinekenontvoering-en-de-nasleep-in-de-rechtszaal\/#primaryimage"},"image":{"@id":"https:\/\/svjmedia.nl\/upd8\/3041\/de-heinekenontvoering-en-de-nasleep-in-de-rechtszaal\/#primaryimage"},"thumbnailUrl":"https:\/\/svjmedia.nl\/upd8\/wp-content\/uploads\/sites\/1808\/2026\/04\/Cor-van-Hout-en-Willem-Holleeder.png","datePublished":"2026-04-23T11:59:31+00:00","dateModified":"2026-04-23T14:14:53+00:00","author":{"@id":"https:\/\/svjmedia.nl\/upd8\/#\/schema\/person\/b519c65fbf9b9a73a4016ec4b34a90fe"},"breadcrumb":{"@id":"https:\/\/svjmedia.nl\/upd8\/3041\/de-heinekenontvoering-en-de-nasleep-in-de-rechtszaal\/#breadcrumb"},"inLanguage":"nl-NL","potentialAction":[{"@type":"ReadAction","target":["https:\/\/svjmedia.nl\/upd8\/3041\/de-heinekenontvoering-en-de-nasleep-in-de-rechtszaal\/"]}]},{"@type":"ImageObject","inLanguage":"nl-NL","@id":"https:\/\/svjmedia.nl\/upd8\/3041\/de-heinekenontvoering-en-de-nasleep-in-de-rechtszaal\/#primaryimage","url":"https:\/\/svjmedia.nl\/upd8\/wp-content\/uploads\/sites\/1808\/2026\/04\/Cor-van-Hout-en-Willem-Holleeder.png","contentUrl":"https:\/\/svjmedia.nl\/upd8\/wp-content\/uploads\/sites\/1808\/2026\/04\/Cor-van-Hout-en-Willem-Holleeder.png","width":1600,"height":900},{"@type":"BreadcrumbList","@id":"https:\/\/svjmedia.nl\/upd8\/3041\/de-heinekenontvoering-en-de-nasleep-in-de-rechtszaal\/#breadcrumb","itemListElement":[{"@type":"ListItem","position":1,"name":"Home","item":"https:\/\/svjmedia.nl\/upd8\/"},{"@type":"ListItem","position":2,"name":"De Heinekenontvoering en de nasleep in de rechtszaal"}]},{"@type":"WebSite","@id":"https:\/\/svjmedia.nl\/upd8\/#website","url":"https:\/\/svjmedia.nl\/upd8\/","name":"UPD8","description":"HU School voor Journalistiek Regiosite","potentialAction":[{"@type":"SearchAction","target":{"@type":"EntryPoint","urlTemplate":"https:\/\/svjmedia.nl\/upd8\/?s={search_term_string}"},"query-input":{"@type":"PropertyValueSpecification","valueRequired":true,"valueName":"search_term_string"}}],"inLanguage":"nl-NL"},{"@type":"Person","@id":"https:\/\/svjmedia.nl\/upd8\/#\/schema\/person\/b519c65fbf9b9a73a4016ec4b34a90fe","name":"Sofie Bouwmeester","image":{"@type":"ImageObject","inLanguage":"nl-NL","@id":"https:\/\/svjmedia.nl\/upd8\/wp-content\/uploads\/sites\/1808\/2026\/03\/SOFIEB.3._Original-96x96.jpeg","url":"https:\/\/svjmedia.nl\/upd8\/wp-content\/uploads\/sites\/1808\/2026\/03\/SOFIEB.3._Original-96x96.jpeg","contentUrl":"https:\/\/svjmedia.nl\/upd8\/wp-content\/uploads\/sites\/1808\/2026\/03\/SOFIEB.3._Original-96x96.jpeg","caption":"Sofie Bouwmeester"},"description":"Sofie Bouwmeester is een beginnend journalist. Zij is ge\u00efnteresseerd in de wereld om haar heen en houd van verhalen vertellen, vooral schriftelijk en in video kan zij haar ei kwijt. Creativiteit is een belangrijk aspect in haar nieuwsgierige karakter. Momenteel werkt ze als horecamedewerker in een Frans-Aziatisch restaurant in het Gooi en ze hoopt in de toekomst verder te kunnen in de jeugdjournalistiek (NOS)","sameAs":["https:\/\/www.linkedin.com\/in\/sofie-bouwmeester-604446292\/"],"url":"https:\/\/svjmedia.nl\/upd8\/author\/sofie-bouwmeester\/"}]}},"_links":{"self":[{"href":"https:\/\/svjmedia.nl\/upd8\/wp-json\/wp\/v2\/posts\/3041","targetHints":{"allow":["GET"]}}],"collection":[{"href":"https:\/\/svjmedia.nl\/upd8\/wp-json\/wp\/v2\/posts"}],"about":[{"href":"https:\/\/svjmedia.nl\/upd8\/wp-json\/wp\/v2\/types\/post"}],"author":[{"embeddable":true,"href":"https:\/\/svjmedia.nl\/upd8\/wp-json\/wp\/v2\/users\/3478"}],"replies":[{"embeddable":true,"href":"https:\/\/svjmedia.nl\/upd8\/wp-json\/wp\/v2\/comments?post=3041"}],"version-history":[{"count":3,"href":"https:\/\/svjmedia.nl\/upd8\/wp-json\/wp\/v2\/posts\/3041\/revisions"}],"predecessor-version":[{"id":3103,"href":"https:\/\/svjmedia.nl\/upd8\/wp-json\/wp\/v2\/posts\/3041\/revisions\/3103"}],"wp:featuredmedia":[{"embeddable":true,"href":"https:\/\/svjmedia.nl\/upd8\/wp-json\/wp\/v2\/media\/3043"}],"wp:attachment":[{"href":"https:\/\/svjmedia.nl\/upd8\/wp-json\/wp\/v2\/media?parent=3041"}],"wp:term":[{"taxonomy":"category","embeddable":true,"href":"https:\/\/svjmedia.nl\/upd8\/wp-json\/wp\/v2\/categories?post=3041"},{"taxonomy":"post_tag","embeddable":true,"href":"https:\/\/svjmedia.nl\/upd8\/wp-json\/wp\/v2\/tags?post=3041"}],"curies":[{"name":"wp","href":"https:\/\/api.w.org\/{rel}","templated":true}]}}